{"id":6855,"date":"2009-07-29T14:57:02","date_gmt":"2009-07-29T18:57:02","guid":{"rendered":"http:\/\/www.redenoticia.com.br\/noticia\/?p=6855"},"modified":"2009-07-29T15:57:19","modified_gmt":"2009-07-29T19:57:19","slug":"fundacao-cultural-de-ji-parana-participa-de-oficina-de-museu-e-turismo","status":"publish","type":"post","link":"https:\/\/migracao.redenoticia.com.br\/noticia\/2009\/fundacao-cultural-de-ji-parana-participa-de-oficina-de-museu-e-turismo\/6855","title":{"rendered":"Funda\u00e7\u00e3o Cultural de Ji-Paran\u00e1 participa de Oficina de Museu e Tur\u00edsmo"},"content":{"rendered":"<p>Representantes da Funda\u00e7\u00e3o Cultural de Ji-Paran\u00e1 &#8211; Rond\u00f4nia est\u00e3o participando de uma Oficina de Museu e Turismo que est\u00e1\u00a0 acontecendo durante esta semana em Guajar\u00e1-Mirim. O evento est\u00e1 sendo realizado pelo Minist\u00e9rio da Cultura e Iphan com objetivo de integrar o passado com o presente por meio dos museus estaduais, resgatando para a comunidade informa\u00e7\u00f5es sobre a hist\u00f3ria de cada munic\u00edpio. As oficinas foram realizadas em todo o Estado.\u00a0<\/p>\n<p>A cria\u00e7\u00e3o do organismo federal de prote\u00e7\u00e3o ao patrim\u00f4nio (IPHAN), ao final dos anos 30, foi confiada a intelectuais e artistas brasileiros ligados ao movimento modernista. Era o in\u00edcio do despertar de uma vontade que datava do s\u00e9culo XVII em proteger os monumentos hist\u00f3ricos.<\/p>\n<p>A cria\u00e7\u00e3o da Institui\u00e7\u00e3o obedece a um princ\u00edpio normativo, atualmente contemplado pelo artigo 216 da Constitui\u00e7\u00e3o da Rep\u00fablica Federativa do Brasil, que define patrim\u00f4nio cultural a partir de suas formas de express\u00e3o; de seus modos de criar, fazer e viver; das cria\u00e7\u00f5es cient\u00edficas, art\u00edsticas e tecnol\u00f3gicas; das obras, objetos, documentos, edifica\u00e7\u00f5es e demais espa\u00e7os destinados \u00e0s manifesta\u00e7\u00f5es art\u00edstico-culturais; e dos conjuntos urbanos e s\u00edtios de valor hist\u00f3rico, paisag\u00edstico, art\u00edstico, arqueol\u00f3gico, paleontol\u00f3gico, ecol\u00f3gico e cient\u00edfico.<\/p>\n<p>A Constitui\u00e7\u00e3o tamb\u00e9m estabelece que cabe ao poder p\u00fablico, com o apoio da comunidade, a prote\u00e7\u00e3o, preserva\u00e7\u00e3o e gest\u00e3o do patrim\u00f4nio hist\u00f3rico e art\u00edstico do pa\u00eds.<\/p>\n","protected":false},"excerpt":{"rendered":"<p>Representantes da Funda\u00e7\u00e3o Cultural de Ji-Paran\u00e1 &#8211; Rond\u00f4nia est\u00e3o participando de uma Oficina de Museu e Turismo que est\u00e1\u00a0 acontecendo durante esta semana em Guajar\u00e1-Mirim. O evento est\u00e1 sendo realizado pelo Minist\u00e9rio da Cultura e Iphan com objetivo de integrar o passado com o presente por meio dos museus estaduais, resgatando para a comunidade informa\u00e7\u00f5es [&hellip;]<\/p>\n","protected":false},"author":3,"featured_media":0,"comment_status":"open","ping_status":"open","sticky":false,"template":"","format":"standard","meta":{"tdm_status":"","tdm_grid_status":"","footnotes":""},"categories":[22],"tags":[],"class_list":{"0":"post-6855","1":"post","2":"type-post","3":"status-publish","4":"format-standard","6":"category-brasil"},"_links":{"self":[{"href":"https:\/\/migracao.redenoticia.com.br\/noticia\/wp-json\/wp\/v2\/posts\/6855","targetHints":{"allow":["GET"]}}],"collection":[{"href":"https:\/\/migracao.redenoticia.com.br\/noticia\/wp-json\/wp\/v2\/posts"}],"about":[{"href":"https:\/\/migracao.redenoticia.com.br\/noticia\/wp-json\/wp\/v2\/types\/post"}],"author":[{"embeddable":true,"href":"https:\/\/migracao.redenoticia.com.br\/noticia\/wp-json\/wp\/v2\/users\/3"}],"replies":[{"embeddable":true,"href":"https:\/\/migracao.redenoticia.com.br\/noticia\/wp-json\/wp\/v2\/comments?post=6855"}],"version-history":[{"count":0,"href":"https:\/\/migracao.redenoticia.com.br\/noticia\/wp-json\/wp\/v2\/posts\/6855\/revisions"}],"wp:attachment":[{"href":"https:\/\/migracao.redenoticia.com.br\/noticia\/wp-json\/wp\/v2\/media?parent=6855"}],"wp:term":[{"taxonomy":"category","embeddable":true,"href":"https:\/\/migracao.redenoticia.com.br\/noticia\/wp-json\/wp\/v2\/categories?post=6855"},{"taxonomy":"post_tag","embeddable":true,"href":"https:\/\/migracao.redenoticia.com.br\/noticia\/wp-json\/wp\/v2\/tags?post=6855"}],"curies":[{"name":"wp","href":"https:\/\/api.w.org\/{rel}","templated":true}]}}