{"id":6857,"date":"2009-07-29T15:16:04","date_gmt":"2009-07-29T19:16:04","guid":{"rendered":"http:\/\/www.redenoticia.com.br\/noticia\/?p=6857"},"modified":"2009-07-29T15:16:04","modified_gmt":"2009-07-29T19:16:04","slug":"emtu-e-pm-tentam-coibir-irregularidades-no-transito-de-ji-parana","status":"publish","type":"post","link":"https:\/\/migracao.redenoticia.com.br\/noticia\/2009\/emtu-e-pm-tentam-coibir-irregularidades-no-transito-de-ji-parana\/6857","title":{"rendered":"EMTU e PM tentam coibir irregularidades no tr\u00e2nsito de Ji-Paran\u00e1"},"content":{"rendered":"<p>Fiscais da Empresa Municipal de Transportes Urbanos (EMTU) de Ji-Paran\u00e1 est\u00e3o trabalhando em conjunto com Policiais Militares (PM) na realiza\u00e7\u00e3o de Blitz em diversos locais do munic\u00edpio de Ji-Paran\u00e1. O trabalho est\u00e1 sendo realizado com o objetivo de coibir poss\u00edveis irregularidades e orientar os motoristas para reduzir o \u00edndice de acidentes no munic\u00edpio. \u00a0\u00a0<\/p>\n<p>Recentemente o vereador Enivaldo Soares elaborou um requerimento para sinaliza\u00e7\u00e3o das ruas, demarca\u00e7\u00e3o de estacionamentos apropriados para motociclistas e entregou um abaixo assinado de v\u00edtimas do transito para o presidente da C\u00e2mara de Ji-Paran\u00e1, o vereador Nilton Cezar, em apoio \u00e0s solicita\u00e7\u00f5es.<\/p>\n<p>O diretor do Detran Juarez Jardim disponibilizou um Engenheiro de Tr\u00e2nsito para elaborar um profundo estudo e sugerir melhorias na sinaliza\u00e7\u00e3o da cidade e readequa\u00e7\u00e3o das preferenciais. Segundo a assessoria de comunica\u00e7\u00e3o do departamento, at\u00e9 o momento este estudo n\u00e3o foi divulgado.<\/p>\n","protected":false},"excerpt":{"rendered":"<p>Fiscais da Empresa Municipal de Transportes Urbanos (EMTU) de Ji-Paran\u00e1 est\u00e3o trabalhando em conjunto com Policiais Militares (PM) na realiza\u00e7\u00e3o de Blitz em diversos locais do munic\u00edpio de Ji-Paran\u00e1. O trabalho est\u00e1 sendo realizado com o objetivo de coibir poss\u00edveis irregularidades e orientar os motoristas para reduzir o \u00edndice de acidentes no munic\u00edpio. \u00a0\u00a0 Recentemente [&hellip;]<\/p>\n","protected":false},"author":3,"featured_media":0,"comment_status":"open","ping_status":"open","sticky":false,"template":"","format":"standard","meta":{"tdm_status":"","tdm_grid_status":"","footnotes":""},"categories":[22],"tags":[],"class_list":{"0":"post-6857","1":"post","2":"type-post","3":"status-publish","4":"format-standard","6":"category-brasil"},"_links":{"self":[{"href":"https:\/\/migracao.redenoticia.com.br\/noticia\/wp-json\/wp\/v2\/posts\/6857","targetHints":{"allow":["GET"]}}],"collection":[{"href":"https:\/\/migracao.redenoticia.com.br\/noticia\/wp-json\/wp\/v2\/posts"}],"about":[{"href":"https:\/\/migracao.redenoticia.com.br\/noticia\/wp-json\/wp\/v2\/types\/post"}],"author":[{"embeddable":true,"href":"https:\/\/migracao.redenoticia.com.br\/noticia\/wp-json\/wp\/v2\/users\/3"}],"replies":[{"embeddable":true,"href":"https:\/\/migracao.redenoticia.com.br\/noticia\/wp-json\/wp\/v2\/comments?post=6857"}],"version-history":[{"count":0,"href":"https:\/\/migracao.redenoticia.com.br\/noticia\/wp-json\/wp\/v2\/posts\/6857\/revisions"}],"wp:attachment":[{"href":"https:\/\/migracao.redenoticia.com.br\/noticia\/wp-json\/wp\/v2\/media?parent=6857"}],"wp:term":[{"taxonomy":"category","embeddable":true,"href":"https:\/\/migracao.redenoticia.com.br\/noticia\/wp-json\/wp\/v2\/categories?post=6857"},{"taxonomy":"post_tag","embeddable":true,"href":"https:\/\/migracao.redenoticia.com.br\/noticia\/wp-json\/wp\/v2\/tags?post=6857"}],"curies":[{"name":"wp","href":"https:\/\/api.w.org\/{rel}","templated":true}]}}