{"id":6859,"date":"2009-07-29T15:19:53","date_gmt":"2009-07-29T19:19:53","guid":{"rendered":"http:\/\/www.redenoticia.com.br\/noticia\/?p=6859"},"modified":"2009-07-29T15:19:53","modified_gmt":"2009-07-29T19:19:53","slug":"climatempo-alerta-sobre-massa-de-ar-seco-sobre-brasilia","status":"publish","type":"post","link":"https:\/\/migracao.redenoticia.com.br\/noticia\/2009\/climatempo-alerta-sobre-massa-de-ar-seco-sobre-brasilia\/6859","title":{"rendered":"Climatempo alerta sobre massa de ar seco sobre Bras\u00edlia"},"content":{"rendered":"<p>At\u00e9 domingo n\u00e3o chove em Bras\u00edlia, prev\u00ea a meteorologia da Climatempo. Bras\u00edlia vive um per\u00edodo seco neste m\u00eas de julho. A popula\u00e7\u00e3o \u00e9 a que mais sofre com a umidade do ar baixa. A temperatura m\u00ednima hoje foi de 10,4\u00baC no aeroporto da cidade. Por\u00e9m, \u00e0s 13 horas, a temperatura j\u00e1 estava em 29\u00baC e a umidade relativa do ar era de apenas 16%.<\/p>\n<p>A capital federal tamb\u00e9m anda menos fria do que o normal em julho. Desde o dia 21, a temperatura \u00e0 tarde tem oscilado entre 28\u00baC e 30\u00baC. No dia 21 de julho, o Instituto Nacional de Meteorologia registrou 29\u00baC de m\u00e1xima em Bras\u00edlia, o maior valor desde o dia 6 de mar\u00e7o. Do dia 1 at\u00e9 o dia 27 de julho, a m\u00e9dia das temperaturas m\u00e1ximas registradas na capital federal estava 1,1\u00baC acima do normal. A m\u00e9dia das temperaturas m\u00ednimas estava em 14,5\u00baC, 1,6\u00baC graus acima do padr\u00e3o.<\/p>\n<p>De acordo com a Climatempo, ainda n\u00e3o choveu absolutamente nada no Distrito federal este m\u00eas, uma situa\u00e7\u00e3o comum nesta \u00e9poca do ano. A massa de ar seco que est\u00e1 sobre a regi\u00e3o central do Pa\u00eds tem deixado os dias ensolarados.<\/p>\n<p>Esta massa de ar seco impede a forma\u00e7\u00e3o de nuvens de chuva e dificulta a entrada de frentes frias. De acordo com os meteorologistas da Climatempo, at\u00e9 domingo, n\u00e3o h\u00e1 previs\u00e3o de chuva em Bras\u00edlia e os valores de umidade relativa do ar podem registrar valores muito baixos. A Organiza\u00e7\u00e3o Mundial da Sa\u00fade recomenda evitar qualquer exerc\u00edcio f\u00edsico entre 10 e 16 horas. \u00c9 necess\u00e1rio o consumo de bastante l\u00edquido para evitar desidrata\u00e7\u00e3o .<\/p>\n<p>Sobre o Grupo Climatempo<\/p>\n<p>O Grupo Climatempo \u00e9 a maior empresa privada de meteorologia do pa\u00eds. Uma holding formada pela Climatempo Consultoria, Ag\u00eancia Climatempo, a TV Climatempo e a CLIMANET (Internet, servi\u00e7os de tecnologia e inform\u00e1tica). Atualmente, o Grupo Climatempo fornece conte\u00fado para os principais portais do pa\u00eds, mais de 50 retransmissoras de televis\u00e3o do Brasil, r\u00e1dios e tem cerca de mil clientes. Os dois principais segmentos atendidos s\u00e3o o de agroneg\u00f3cios e meios de comunica\u00e7\u00e3o. Al\u00e9m destes, fornece conte\u00fado meteorol\u00f3gico estrat\u00e9gico para produtoras, a ind\u00fastria eletroeletr\u00f4nica e t\u00eaxtil, com\u00e9rcio, moda e turismo, constru\u00e7\u00e3o civil, setor de energia, entre outros setores.<\/p>\n","protected":false},"excerpt":{"rendered":"<p>At\u00e9 domingo n\u00e3o chove em Bras\u00edlia, prev\u00ea a meteorologia da Climatempo. Bras\u00edlia vive um per\u00edodo seco neste m\u00eas de julho. A popula\u00e7\u00e3o \u00e9 a que mais sofre com a umidade do ar baixa. A temperatura m\u00ednima hoje foi de 10,4\u00baC no aeroporto da cidade. Por\u00e9m, \u00e0s 13 horas, a temperatura j\u00e1 estava em 29\u00baC e [&hellip;]<\/p>\n","protected":false},"author":3,"featured_media":0,"comment_status":"open","ping_status":"open","sticky":false,"template":"","format":"standard","meta":{"tdm_status":"","tdm_grid_status":"","footnotes":""},"categories":[22,327],"tags":[],"class_list":{"0":"post-6859","1":"post","2":"type-post","3":"status-publish","4":"format-standard","6":"category-brasil","7":"category-clima"},"_links":{"self":[{"href":"https:\/\/migracao.redenoticia.com.br\/noticia\/wp-json\/wp\/v2\/posts\/6859","targetHints":{"allow":["GET"]}}],"collection":[{"href":"https:\/\/migracao.redenoticia.com.br\/noticia\/wp-json\/wp\/v2\/posts"}],"about":[{"href":"https:\/\/migracao.redenoticia.com.br\/noticia\/wp-json\/wp\/v2\/types\/post"}],"author":[{"embeddable":true,"href":"https:\/\/migracao.redenoticia.com.br\/noticia\/wp-json\/wp\/v2\/users\/3"}],"replies":[{"embeddable":true,"href":"https:\/\/migracao.redenoticia.com.br\/noticia\/wp-json\/wp\/v2\/comments?post=6859"}],"version-history":[{"count":0,"href":"https:\/\/migracao.redenoticia.com.br\/noticia\/wp-json\/wp\/v2\/posts\/6859\/revisions"}],"wp:attachment":[{"href":"https:\/\/migracao.redenoticia.com.br\/noticia\/wp-json\/wp\/v2\/media?parent=6859"}],"wp:term":[{"taxonomy":"category","embeddable":true,"href":"https:\/\/migracao.redenoticia.com.br\/noticia\/wp-json\/wp\/v2\/categories?post=6859"},{"taxonomy":"post_tag","embeddable":true,"href":"https:\/\/migracao.redenoticia.com.br\/noticia\/wp-json\/wp\/v2\/tags?post=6859"}],"curies":[{"name":"wp","href":"https:\/\/api.w.org\/{rel}","templated":true}]}}