{"id":68758,"date":"2015-04-05T23:57:26","date_gmt":"2015-04-06T02:57:26","guid":{"rendered":"http:\/\/www.redenoticia.com.br\/noticia\/?p=68758"},"modified":"2018-08-13T10:41:19","modified_gmt":"2018-08-13T13:41:19","slug":"bbb-15-votacao-em-amanda-e-fernando-movimenta-as-enquetes","status":"publish","type":"post","link":"https:\/\/migracao.redenoticia.com.br\/noticia\/2015\/bbb-15-votacao-em-amanda-e-fernando-movimenta-as-enquetes\/68758","title":{"rendered":"\u201cBBB\u201d 15: vota\u00e7\u00e3o em Amanda e Fernando movimentou as enquetes"},"content":{"rendered":"<p><a href=\"https:\/\/migracao.redenoticia.com.br\/noticia\/imagens\/bbb_enquete_votacao.jpg\"><img loading=\"lazy\" decoding=\"async\" class=\"alignleft size-medium wp-image-64479\" src=\"https:\/\/migracao.redenoticia.com.br\/noticia\/imagens\/bbb_enquete_votacao-187x187.jpg\" alt=\"bbb_enquete_votacao\" width=\"187\" height=\"187\" srcset=\"https:\/\/migracao.redenoticia.com.br\/noticia\/imagens\/bbb_enquete_votacao-187x187.jpg 187w, https:\/\/migracao.redenoticia.com.br\/noticia\/imagens\/bbb_enquete_votacao.jpg 300w, https:\/\/migracao.redenoticia.com.br\/noticia\/imagens\/bbb_enquete_votacao-150x150.jpg 150w, https:\/\/migracao.redenoticia.com.br\/noticia\/imagens\/bbb_enquete_votacao-110x110.jpg 110w, https:\/\/migracao.redenoticia.com.br\/noticia\/imagens\/bbb_enquete_votacao-50x50.jpg 50w\" sizes=\"auto, (max-width: 187px) 100vw, 187px\" \/><\/a><em><strong>\u201cBBB&#8221; 15 vota\u00e7\u00e3o enquete<\/strong><\/em>: em 05\/04, Pedro Bial anunciou que Fernando recebeu 78% dos votos oficiais no Pared\u00e3o com Amanda e foi eliminado do \u201cBBB\u201d 15. O pared\u00e3o come\u00e7ou em 04\/04, quando o apresentador Pedro Bial anunciou a terceira Etapa da Prova do Finalista. Fernando ganhou 2 pontos na primeira etapa (prova de resist\u00eancia). Amanda ganhou 1 ponto na segunda etapa (jogo Pinball Gigante). Eles ganharam vantagem na terceira e \u00faltima etapa: um question\u00e1rio. C\u00e9zar se recuperou e venceu a prova do Finalista. Amanda e Fernando disputaram a \u00faltima vaga para a disputa do grande pr\u00eamio. A vota\u00e7\u00e3o do p\u00fablico aconteceu at\u00e9 o programa ao vivo deste domingo, 05\/04.<\/p>\n<p><a href=\"https:\/\/migracao.redenoticia.com.br\/noticia\/2015\/bbb-15-votacao-em-amanda-e-cezar-movimenta-as-enquetes\/68788\">\u201cBBB\u201d 15: vota\u00e7\u00e3o em Amanda e C\u00e9zar movimenta as enquetes<\/a><\/p>\n<p>Vota\u00e7\u00e3o em Amanda e Fernando movimentou as enquetes:<br \/>\nEvolu\u00e7\u00e3o da vota\u00e7\u00e3o na enquete Rede Not\u00edcia: Quem deve sair do &#8220;BBB&#8221; 15?<br \/>\n(05\/04 11h50) Fernando 75,32% e Amanda 24,68%.<br \/>\n(05\/04 20h02) Fernando 74,58% e Amanda 25,42%.<br \/>\n(05\/04 23h40) Fernando 74,74% e Amanda 25,26% &#8211; 174.854 votos.<br \/>\nEvolu\u00e7\u00e3o da vota\u00e7\u00e3o na enquete Uol &#8211; Quem deve sair no \u00faltimo pared\u00e3o?<br \/>\n(05\/04 11h50) Fernando 77,56% e Amanda 22,44%.<br \/>\n(05\/04 20h02) Fernando 78,58% e Amanda 21,42%.<br \/>\n(05\/04 23h40) Fernando 78,95% e Amanda 21,05% &#8211; 742.704 votos.<\/p>\n<p>A vota\u00e7\u00e3o oficial aconteceu no endere\u00e7o da\u00a0<a href=\"http:\/\/gshow.globo.com\/bbb\/bbb15\/index.html\" target=\"_blank\">Rede Globo \u201cBBB&#8221; 15<\/a> at\u00e9 o programa de elimina\u00e7\u00e3o ao vivo.<\/p>\n<p>Fonte \u201cBBB&#8221; 15 \u2013 Vota\u00e7\u00e3o Enquete<\/p>\n<p>&#8212;<br \/>\nConcorrentes \u201cBBB&#8221; 15 que entraram na casa em 20\/01: Adrilles, 40 anos, escritor de Belo Horizonte (MG); Amanda, 28 anos, empres\u00e1ria de S\u00e3o Paulo (SP); Ang\u00e9lica, 33 anos, auxiliar de enfermagem de Embu das Artes (SP); C\u00e9zar, 30 anos, estudante de direito de Guarapuava (PR); Douglas, 29 anos, motoboy de S\u00e3o Paulo (SP); Fernando, 32 anos, produtor cultural do Rio de Janeiro (RJ); Francieli, 36 anos, conciliadora criminal de Porto Alegre (RS); Luan, 23 anos, gerente de sal\u00e3o de beleza de Mesquita (RJ); Marco, 35 anos, te\u00f3logo de Curitiba (PR); Mariza, 51 anos, professora de artes de Recife (PE); Rafael, 21 anos, estudante de administra\u00e7\u00e3o de Vit\u00f3ria (ES); Talita, 22 anos, aeromo\u00e7a de Goi\u00e2nia (GO); e Tamires, 24 anos, cirurgi\u00e3 dentista de S\u00e3o Paulo (SP). Aline, 24 anos, de Belo Horizonte, entrou oficialmente no programa no dia 25\/01.<\/p>\n","protected":false},"excerpt":{"rendered":"<p>\u201cBBB&#8221; 15 vota\u00e7\u00e3o enquete: em 05\/04, Pedro Bial anunciou que Fernando recebeu 78% dos votos oficiais no Pared\u00e3o com Amanda e foi eliminado do \u201cBBB\u201d 15. O pared\u00e3o come\u00e7ou em 04\/04, quando o apresentador Pedro Bial anunciou a terceira Etapa da Prova do Finalista. Fernando ganhou 2 pontos na primeira etapa (prova de resist\u00eancia). Amanda [&hellip;]<\/p>\n","protected":false},"author":2,"featured_media":64479,"comment_status":"open","ping_status":"closed","sticky":false,"template":"","format":"standard","meta":{"tdm_status":"","tdm_grid_status":"","footnotes":""},"categories":[520,375,343],"tags":[],"class_list":{"0":"post-68758","1":"post","2":"type-post","3":"status-publish","4":"format-standard","5":"has-post-thumbnail","7":"category-big-brother-brasil","8":"category-rede-globo","9":"category-televisao"},"_links":{"self":[{"href":"https:\/\/migracao.redenoticia.com.br\/noticia\/wp-json\/wp\/v2\/posts\/68758","targetHints":{"allow":["GET"]}}],"collection":[{"href":"https:\/\/migracao.redenoticia.com.br\/noticia\/wp-json\/wp\/v2\/posts"}],"about":[{"href":"https:\/\/migracao.redenoticia.com.br\/noticia\/wp-json\/wp\/v2\/types\/post"}],"author":[{"embeddable":true,"href":"https:\/\/migracao.redenoticia.com.br\/noticia\/wp-json\/wp\/v2\/users\/2"}],"replies":[{"embeddable":true,"href":"https:\/\/migracao.redenoticia.com.br\/noticia\/wp-json\/wp\/v2\/comments?post=68758"}],"version-history":[{"count":0,"href":"https:\/\/migracao.redenoticia.com.br\/noticia\/wp-json\/wp\/v2\/posts\/68758\/revisions"}],"wp:featuredmedia":[{"embeddable":true,"href":"https:\/\/migracao.redenoticia.com.br\/noticia\/wp-json\/wp\/v2\/media\/64479"}],"wp:attachment":[{"href":"https:\/\/migracao.redenoticia.com.br\/noticia\/wp-json\/wp\/v2\/media?parent=68758"}],"wp:term":[{"taxonomy":"category","embeddable":true,"href":"https:\/\/migracao.redenoticia.com.br\/noticia\/wp-json\/wp\/v2\/categories?post=68758"},{"taxonomy":"post_tag","embeddable":true,"href":"https:\/\/migracao.redenoticia.com.br\/noticia\/wp-json\/wp\/v2\/tags?post=68758"}],"curies":[{"name":"wp","href":"https:\/\/api.w.org\/{rel}","templated":true}]}}