{"id":69144,"date":"2015-04-14T13:44:20","date_gmt":"2015-04-14T16:44:20","guid":{"rendered":"http:\/\/www.redenoticia.com.br\/noticia\/?p=69144"},"modified":"2015-04-14T13:44:20","modified_gmt":"2015-04-14T16:44:20","slug":"unesp-recebe-inscricoes-para-o-vestibular-meio-de-ano-2015","status":"publish","type":"post","link":"https:\/\/migracao.redenoticia.com.br\/noticia\/2015\/unesp-recebe-inscricoes-para-o-vestibular-meio-de-ano-2015\/69144","title":{"rendered":"Unesp recebe inscri\u00e7\u00f5es para o Vestibular Meio de Ano 2015"},"content":{"rendered":"<p>Est\u00e3o abertas as inscri\u00e7\u00f5es para o <em><strong>Vestibular Meio de Ano 2015 da Unesp<\/strong><\/em> (Universidade Estadual Paulista). S\u00e3o 360 vagas para cursos das \u00e1reas de exatas e biol\u00f3gicas, todas com ingresso em agosto.\u00a0O prazo para inscri\u00e7\u00e3o com pagamento da taxa integral, no valor de R$ 140,00, termina dia 30 de abril. O cadastramento pode ser feito pela internet no site\u00a0<\/p>\n<p>A Unesp deve divulgar nos pr\u00f3ximos dias o resultado dos pedidos de isen\u00e7\u00e3o e redu\u00e7\u00e3o da taxa de inscri\u00e7\u00e3o. Os cursos oferecidos s\u00e3o Agronomia (Ilha Solteira e Registro), Zootecnia (Dracena) e as engenharias Ambiental (Sorocaba), Civil (Ilha Solteira), de Controle e Automa\u00e7\u00e3o (Sorocaba), de Produ\u00e7\u00e3o (Bauru), El\u00e9trica (Ilha Solteira) e Mec\u00e2nica (Ilha Solteira).<\/p>\n<p>Os exames ser\u00e3o aplicados nas cidades onde h\u00e1 oferta de cursos e tamb\u00e9m em Campinas, Franca, Guaratinguet\u00e1, S\u00e3o Jos\u00e9 do Rio Preto e S\u00e3o Paulo. A prova da primeira fase ser\u00e1 realizada no dia 17 de maio. A segunda fase, com reda\u00e7\u00e3o e quest\u00f5es dissertativas, acontece nos dias 13 e 14 de junho, nas mesmas cidades onde \u00e9 realizada a primeira fase. O resultado final ser\u00e1 divulgado em 16 de julho.<\/p>\n<p>No Vestibular Meio de Ano 2015, o Sistema de Reserva de Vagas para a Educa\u00e7\u00e3o B\u00e1sica P\u00fablica (SRVEBP) garante um m\u00ednimo de 25% das vagas de cada curso para alunos que tenham feito todo o ensino m\u00e9dio em escola p\u00fablica. Isso deve ampliar a propor\u00e7\u00e3o destes alunos nos cursos da Unesp. No Vestibular 2014, a propor\u00e7\u00e3o de matriculados egressos de escolas p\u00fablicas foi de 40,7%.<\/p>\n<p>Mais informa\u00e7\u00f5es sobre o Vestibular Meio de Ano 2015 podem ser obtidas pelo telefone da Vunesp, no (11) 3874-6300, de segunda a s\u00e1bado, das 8h \u00e0s 20h, ou pela internet, no site da Vunesp ().<\/p>\n<p>Do Portal do Governo do Estado<\/p>\n","protected":false},"excerpt":{"rendered":"<p>Est\u00e3o abertas as inscri\u00e7\u00f5es para o Vestibular Meio de Ano 2015 da Unesp (Universidade Estadual Paulista). S\u00e3o 360 vagas para cursos das \u00e1reas de exatas e biol\u00f3gicas, todas com ingresso em agosto.\u00a0O prazo para inscri\u00e7\u00e3o com pagamento da taxa integral, no valor de R$ 140,00, termina dia 30 de abril. O cadastramento pode ser feito [&hellip;]<\/p>\n","protected":false},"author":2,"featured_media":34896,"comment_status":"open","ping_status":"closed","sticky":false,"template":"","format":"standard","meta":{"tdm_status":"","tdm_grid_status":"","footnotes":""},"categories":[22,370,295],"tags":[],"class_list":{"0":"post-69144","1":"post","2":"type-post","3":"status-publish","4":"format-standard","5":"has-post-thumbnail","7":"category-brasil","8":"category-inscricao","9":"category-vestibular"},"_links":{"self":[{"href":"https:\/\/migracao.redenoticia.com.br\/noticia\/wp-json\/wp\/v2\/posts\/69144","targetHints":{"allow":["GET"]}}],"collection":[{"href":"https:\/\/migracao.redenoticia.com.br\/noticia\/wp-json\/wp\/v2\/posts"}],"about":[{"href":"https:\/\/migracao.redenoticia.com.br\/noticia\/wp-json\/wp\/v2\/types\/post"}],"author":[{"embeddable":true,"href":"https:\/\/migracao.redenoticia.com.br\/noticia\/wp-json\/wp\/v2\/users\/2"}],"replies":[{"embeddable":true,"href":"https:\/\/migracao.redenoticia.com.br\/noticia\/wp-json\/wp\/v2\/comments?post=69144"}],"version-history":[{"count":0,"href":"https:\/\/migracao.redenoticia.com.br\/noticia\/wp-json\/wp\/v2\/posts\/69144\/revisions"}],"wp:featuredmedia":[{"embeddable":true,"href":"https:\/\/migracao.redenoticia.com.br\/noticia\/wp-json\/wp\/v2\/media\/34896"}],"wp:attachment":[{"href":"https:\/\/migracao.redenoticia.com.br\/noticia\/wp-json\/wp\/v2\/media?parent=69144"}],"wp:term":[{"taxonomy":"category","embeddable":true,"href":"https:\/\/migracao.redenoticia.com.br\/noticia\/wp-json\/wp\/v2\/categories?post=69144"},{"taxonomy":"post_tag","embeddable":true,"href":"https:\/\/migracao.redenoticia.com.br\/noticia\/wp-json\/wp\/v2\/tags?post=69144"}],"curies":[{"name":"wp","href":"https:\/\/api.w.org\/{rel}","templated":true}]}}