{"id":7,"date":"2009-03-28T19:30:00","date_gmt":"2009-03-28T22:30:00","guid":{"rendered":"http:\/\/www.redenoticia.com.br\/noticia\/?p=7"},"modified":"2009-04-10T18:10:51","modified_gmt":"2009-04-10T21:10:51","slug":"blog-do-boni","status":"publish","type":"post","link":"https:\/\/migracao.redenoticia.com.br\/noticia\/2009\/blog-do-boni\/7","title":{"rendered":"Blog do Boni"},"content":{"rendered":"\n<p class=\"data1\">[singlepic id=16 w=320 h=240 float=left] O melhor de um bom Bafaf\u00e1 \u00e9 que discute-se um determinado assunto com profundidade e sob diversos pontos de vista.<\/p>\n<p class=\"data1\">Se o bafaf\u00e1 for p\u00fablico, melhor ainda.<\/p>\n<p class=\"data1\">O Bafaf\u00e1 no blog do boninho foi por conta da defesa de Dado Dolabella. E a lei Maria da Penha&#8230;<\/p>\n<p class=\"data1\"><strong><span style=\"TEXT-DECORATION: underline\"><a href=\"http:\/\/bloglog.globo.com\/boni\/\" target=\"_blank\">Blog do Boni<\/a><\/span><\/strong><\/p>\n<p class=\"data1\">\n<p class=\"data1\"><span style=\"FONT-WEIGHT: normal\"><span style=\"COLOR: #000000\"><em>Escrito em:20\/3\/2009<\/em><\/span><\/span> <span style=\"FONT-WEIGHT: normal\"><span style=\"COLOR: #000000\"><em>AS ARMADILHAS DA LEI<\/em><\/span><\/span> <span style=\"FONT-WEIGHT: normal\"><span style=\"COLOR: #000000\"><em>&#8211; Eu gosto muito do Dado Dolabella e tamb\u00e9m da Luana Piovani. H\u00e1 poucos dias o Dado, que est\u00e1 proibido de se aproximar a menos de 250 metros dela, foi preso porque, como a Luana, frequentou o Camarote da Brahma no Carnaval. O epis\u00f3dio suscita algumas d\u00favidas e eu pergunto a t\u00edtulo de esclarecimento: Antes de aceitar o convite da Brahma o Dado deveria pedir a lista de convidados para verificar se a Luana estava l\u00e1?<\/em><\/span><\/span><\/p>\n","protected":false},"excerpt":{"rendered":"<p>[singlepic id=16 w=320 h=240 float=left] O melhor de um bom Bafaf\u00e1 \u00e9 que discute-se um determinado assunto com profundidade e sob diversos pontos de vista. Se o bafaf\u00e1 for p\u00fablico, melhor ainda. O Bafaf\u00e1 no blog do boninho foi por conta da defesa de Dado Dolabella. E a lei Maria da Penha&#8230; Blog do Boni [&hellip;]<\/p>\n","protected":false},"author":2,"featured_media":0,"comment_status":"open","ping_status":"open","sticky":false,"template":"","format":"standard","meta":{"tdm_status":"","tdm_grid_status":"","footnotes":""},"categories":[22],"tags":[],"class_list":{"0":"post-7","1":"post","2":"type-post","3":"status-publish","4":"format-standard","6":"category-brasil"},"_links":{"self":[{"href":"https:\/\/migracao.redenoticia.com.br\/noticia\/wp-json\/wp\/v2\/posts\/7","targetHints":{"allow":["GET"]}}],"collection":[{"href":"https:\/\/migracao.redenoticia.com.br\/noticia\/wp-json\/wp\/v2\/posts"}],"about":[{"href":"https:\/\/migracao.redenoticia.com.br\/noticia\/wp-json\/wp\/v2\/types\/post"}],"author":[{"embeddable":true,"href":"https:\/\/migracao.redenoticia.com.br\/noticia\/wp-json\/wp\/v2\/users\/2"}],"replies":[{"embeddable":true,"href":"https:\/\/migracao.redenoticia.com.br\/noticia\/wp-json\/wp\/v2\/comments?post=7"}],"version-history":[{"count":0,"href":"https:\/\/migracao.redenoticia.com.br\/noticia\/wp-json\/wp\/v2\/posts\/7\/revisions"}],"wp:attachment":[{"href":"https:\/\/migracao.redenoticia.com.br\/noticia\/wp-json\/wp\/v2\/media?parent=7"}],"wp:term":[{"taxonomy":"category","embeddable":true,"href":"https:\/\/migracao.redenoticia.com.br\/noticia\/wp-json\/wp\/v2\/categories?post=7"},{"taxonomy":"post_tag","embeddable":true,"href":"https:\/\/migracao.redenoticia.com.br\/noticia\/wp-json\/wp\/v2\/tags?post=7"}],"curies":[{"name":"wp","href":"https:\/\/api.w.org\/{rel}","templated":true}]}}