{"id":7022,"date":"2009-07-30T13:51:09","date_gmt":"2009-07-30T17:51:09","guid":{"rendered":"http:\/\/www.redenoticia.com.br\/noticia\/?p=7022"},"modified":"2009-07-30T13:51:09","modified_gmt":"2009-07-30T17:51:09","slug":"previsao-de-temporais-no-sul-do-brasil-amanha","status":"publish","type":"post","link":"https:\/\/migracao.redenoticia.com.br\/noticia\/2009\/previsao-de-temporais-no-sul-do-brasil-amanha\/7022","title":{"rendered":"Previs\u00e3o de temporais no Sul do Brasil amanh\u00e3"},"content":{"rendered":"<p>H\u00e1 risco de ressacas, com ondas em torno dos 2,5m de altura em Santa Catarina e Rio Grande do Sul. Previs\u00e3o de temporais no Sul do Brasil amanh\u00e3. De acordo com os meteorologistas da Somar, \u00e1reas de instabilidade d\u00e3o origem a uma nova frente fria nesta sexta-feira e a previs\u00e3o \u00e9 de chuvas intensas e generalizadas no norte do Rio Grande do Sul, Santa Catarina e no leste e sul do Paran\u00e1, com acumulado de at\u00e9 60mm em apenas 24 horas. Al\u00e9m disso, os tr\u00eas Estados podem registrar queda de granizo por conta da baixa temperatura registrada em toda a coluna atmosf\u00e9rica e as rajadas alcan\u00e7am 70km\/h, especialmente no sul do Paran\u00e1.\u00a0<br \/>\nOs meteorologistas tamb\u00e9m alertam para o risco de ressacas, com ondas em torno dos 2,5m de altura em Santa Catarina e Rio Grande do Sul. Os ventos tamb\u00e9m ser\u00e3o intensos e as rajadas chegam a 30km\/h e 35km\/h nos Estados catarinense e paranaense.<\/p>\n<p>As temperaturas seguem baixas e a m\u00ednima ainda alcan\u00e7a valores negativos nesta sexta-feira, com forma\u00e7\u00e3o de geadas ao amanhecer, no extremo sul do Rio Grande do Sul. A m\u00e1xima n\u00e3o chega a 8\u00b0C na Serra e centro de Santa Catarina e a 10\u00b0C no sudeste do Paran\u00e1 e nordeste e extremo sul do Rio Grande do Sul.<\/p>\n<p>No s\u00e1bado, a frente fria e \u00e1reas de instabilidade provocam chuvas no leste e norte do Rio Grande do Sul, Santa Catarina e boa parte do Paran\u00e1. Apenas no centro e oeste do Rio Grande do Sul e no nordeste do Paran\u00e1, o tempo permanece seco, por\u00e9m muito nublado. O frio da madrugada perde for\u00e7a e a m\u00ednima varia entre 3\u00b0C e 5\u00b0C na fronteira do Rio Grande do Sul com o Uruguai. A m\u00e1xima permanece baixa e n\u00e3o chega a 10\u00b0C na Serra Geral, j\u00e1 no noroeste do Paran\u00e1 os term\u00f4metros atingem 25\u00b0C. No domingo, a frente fria provoca chuvas generalizadas no leste do Rio Grande do Sul, centro e leste de Santa Catarina e em boa parte do Paran\u00e1.<\/p>\n","protected":false},"excerpt":{"rendered":"<p>H\u00e1 risco de ressacas, com ondas em torno dos 2,5m de altura em Santa Catarina e Rio Grande do Sul. Previs\u00e3o de temporais no Sul do Brasil amanh\u00e3. De acordo com os meteorologistas da Somar, \u00e1reas de instabilidade d\u00e3o origem a uma nova frente fria nesta sexta-feira e a previs\u00e3o \u00e9 de chuvas intensas e [&hellip;]<\/p>\n","protected":false},"author":3,"featured_media":0,"comment_status":"open","ping_status":"open","sticky":false,"template":"","format":"standard","meta":{"tdm_status":"","tdm_grid_status":"","footnotes":""},"categories":[22,327],"tags":[],"class_list":{"0":"post-7022","1":"post","2":"type-post","3":"status-publish","4":"format-standard","6":"category-brasil","7":"category-clima"},"_links":{"self":[{"href":"https:\/\/migracao.redenoticia.com.br\/noticia\/wp-json\/wp\/v2\/posts\/7022","targetHints":{"allow":["GET"]}}],"collection":[{"href":"https:\/\/migracao.redenoticia.com.br\/noticia\/wp-json\/wp\/v2\/posts"}],"about":[{"href":"https:\/\/migracao.redenoticia.com.br\/noticia\/wp-json\/wp\/v2\/types\/post"}],"author":[{"embeddable":true,"href":"https:\/\/migracao.redenoticia.com.br\/noticia\/wp-json\/wp\/v2\/users\/3"}],"replies":[{"embeddable":true,"href":"https:\/\/migracao.redenoticia.com.br\/noticia\/wp-json\/wp\/v2\/comments?post=7022"}],"version-history":[{"count":0,"href":"https:\/\/migracao.redenoticia.com.br\/noticia\/wp-json\/wp\/v2\/posts\/7022\/revisions"}],"wp:attachment":[{"href":"https:\/\/migracao.redenoticia.com.br\/noticia\/wp-json\/wp\/v2\/media?parent=7022"}],"wp:term":[{"taxonomy":"category","embeddable":true,"href":"https:\/\/migracao.redenoticia.com.br\/noticia\/wp-json\/wp\/v2\/categories?post=7022"},{"taxonomy":"post_tag","embeddable":true,"href":"https:\/\/migracao.redenoticia.com.br\/noticia\/wp-json\/wp\/v2\/tags?post=7022"}],"curies":[{"name":"wp","href":"https:\/\/api.w.org\/{rel}","templated":true}]}}