{"id":7025,"date":"2009-07-30T13:54:41","date_gmt":"2009-07-30T17:54:41","guid":{"rendered":"http:\/\/www.redenoticia.com.br\/noticia\/?p=7025"},"modified":"2009-07-30T13:54:41","modified_gmt":"2009-07-30T17:54:41","slug":"previsao-da-clima-tempo-e-de-ressaca-no-litoral-do-sul-e-do-sudeste","status":"publish","type":"post","link":"https:\/\/migracao.redenoticia.com.br\/noticia\/2009\/previsao-da-clima-tempo-e-de-ressaca-no-litoral-do-sul-e-do-sudeste\/7025","title":{"rendered":"Previs\u00e3o da Clima tempo \u00e9 de ressaca no litoral do Sul e do Sudeste"},"content":{"rendered":"<p>Previs\u00e3o da Clima tempo \u00e9 de ressaca no litoral do sul e do sudeste. O vento forte sobre o oceano, provocado pela frente fria que avan\u00e7ou rapidamente pelo litoral do Sul e que j\u00e1 se encontra na costa do Sudeste, formou as ondas que j\u00e1 chegam \u00e0s praias de S\u00e3o Paulo e do Rio de Janeiro. Segundo a Climatempo, essas ondas deixam o mar agitado. A partir desta quinta-feira, a altura das ondas fica por volta de 1,5m no litoral paulista e por volta de 2m nas praias fluminenses.\u00a0<br \/>\nAndr\u00e9 Madeira, meteorologista da Climatempo, explica que associado \u00e0 frente fria, temos a presen\u00e7a de um ciclone extratropical que atua em alto-mar, ao largo da costa da Argentina. &#8220;O vento intenso provocado por este ciclone forma ondas que for\u00e7am o mar a subir nesta quinta-feira nas praias do Rio Grande do Sul e do sul de Santa Catarina, com ondas chegando a 2,5m&#8221;, esclarece Madeira.<\/p>\n<p>Na sexta-feira, o mar ainda fica agitado no litoral destes estados, mas a altura das ondas volta a diminuir. As ondas geradas pelo ciclone extratropical chegam \u00e0 costa do Sudeste na sexta-feira, a ondula\u00e7\u00e3o do mar \u00e9 de sul. O mar fica com ressaca e a altura das ondas chega a 2,5m no litoral de S\u00e3o Paulo e at\u00e9 3m nas praias do Rio de Janeiro.<\/p>\n<p>No s\u00e1bado, a altura das ondas diminui, mas o mar ainda fica bem agitado, com ondas por volta de 2m no litoral de S\u00e3o Paulo e em torno de 2,5m nas praias do Rio de Janeiro. De acordo com o meteorologista, a partir de domingo o mar baixa de forma mais significativa, com ondas por volta de 1,5m.<\/p>\n<p>Sobre o Grupo Climatempo<\/p>\n<p>O Grupo Climatempo \u00e9 a maior empresa privada de meteorologia do pa\u00eds. Uma holding formada pela Climatempo Consultoria, Ag\u00eancia Climatempo, a TV Climatempo e a CLIMANET (Internet, servi\u00e7os de tecnologia e inform\u00e1tica). Atualmente, o Grupo Climatempo fornece conte\u00fado para os principais portais do pa\u00eds, mais de 50 retransmissoras de televis\u00e3o do Brasil, r\u00e1dios e tem cerca de mil clientes. Os dois principais segmentos atendidos s\u00e3o o de agroneg\u00f3cios e meios de comunica\u00e7\u00e3o. Al\u00e9m destes, fornece conte\u00fado meteorol\u00f3gico estrat\u00e9gico para produtoras, a ind\u00fastria eletroeletr\u00f4nica e t\u00eaxtil, com\u00e9rcio, moda e turismo, constru\u00e7\u00e3o civil, setor de energia, entre outros setores.<\/p>\n","protected":false},"excerpt":{"rendered":"<p>Previs\u00e3o da Clima tempo \u00e9 de ressaca no litoral do sul e do sudeste. O vento forte sobre o oceano, provocado pela frente fria que avan\u00e7ou rapidamente pelo litoral do Sul e que j\u00e1 se encontra na costa do Sudeste, formou as ondas que j\u00e1 chegam \u00e0s praias de S\u00e3o Paulo e do Rio de [&hellip;]<\/p>\n","protected":false},"author":3,"featured_media":0,"comment_status":"open","ping_status":"open","sticky":false,"template":"","format":"standard","meta":{"tdm_status":"","tdm_grid_status":"","footnotes":""},"categories":[22,327],"tags":[],"class_list":{"0":"post-7025","1":"post","2":"type-post","3":"status-publish","4":"format-standard","6":"category-brasil","7":"category-clima"},"_links":{"self":[{"href":"https:\/\/migracao.redenoticia.com.br\/noticia\/wp-json\/wp\/v2\/posts\/7025","targetHints":{"allow":["GET"]}}],"collection":[{"href":"https:\/\/migracao.redenoticia.com.br\/noticia\/wp-json\/wp\/v2\/posts"}],"about":[{"href":"https:\/\/migracao.redenoticia.com.br\/noticia\/wp-json\/wp\/v2\/types\/post"}],"author":[{"embeddable":true,"href":"https:\/\/migracao.redenoticia.com.br\/noticia\/wp-json\/wp\/v2\/users\/3"}],"replies":[{"embeddable":true,"href":"https:\/\/migracao.redenoticia.com.br\/noticia\/wp-json\/wp\/v2\/comments?post=7025"}],"version-history":[{"count":0,"href":"https:\/\/migracao.redenoticia.com.br\/noticia\/wp-json\/wp\/v2\/posts\/7025\/revisions"}],"wp:attachment":[{"href":"https:\/\/migracao.redenoticia.com.br\/noticia\/wp-json\/wp\/v2\/media?parent=7025"}],"wp:term":[{"taxonomy":"category","embeddable":true,"href":"https:\/\/migracao.redenoticia.com.br\/noticia\/wp-json\/wp\/v2\/categories?post=7025"},{"taxonomy":"post_tag","embeddable":true,"href":"https:\/\/migracao.redenoticia.com.br\/noticia\/wp-json\/wp\/v2\/tags?post=7025"}],"curies":[{"name":"wp","href":"https:\/\/api.w.org\/{rel}","templated":true}]}}