{"id":7027,"date":"2009-07-30T14:24:46","date_gmt":"2009-07-30T18:24:46","guid":{"rendered":"http:\/\/www.redenoticia.com.br\/noticia\/?p=7027"},"modified":"2009-08-05T00:30:17","modified_gmt":"2009-08-05T04:30:17","slug":"rede-record-divulga-que-jonanthan-da-fazenda-e-o-convidado-de-rodrigo-faro","status":"publish","type":"post","link":"https:\/\/migracao.redenoticia.com.br\/noticia\/2009\/rede-record-divulga-que-jonanthan-da-fazenda-e-o-convidado-de-rodrigo-faro\/7027","title":{"rendered":"Rede Record divulga que Jonanthan da Fazenda \u00e9 o convidado de Rodrigo Faro"},"content":{"rendered":"<p><a href=\"https:\/\/migracao.redenoticia.com.br\/noticia\/imagens\/\/rodrigo1.jpg\"><img loading=\"lazy\" decoding=\"async\" class=\"alignleft size-medium wp-image-7028\" title=\"rodrigo\" src=\"https:\/\/migracao.redenoticia.com.br\/noticia\/imagens\/\/rodrigo1-249x187.jpg\" alt=\"rodrigo\" width=\"249\" height=\"187\" \/><\/a>Em O Melhor do Brasil deste s\u00e1bado (01\/08) na Rede Record, Rodrigo Faro recebe o ator Jonanthan, eliminado da Fazenda, no quadro Lavando Roupa Suja. O eliminado da semana em A Fazenda comenta sobre sua participa\u00e7\u00e3o no reality show da Record, suas brigas com alguns confinados e fala de planos para o futuro. \u00a0No palco, a grande final do Vai dar Namoro com Beto Barbosa na Rede Record. O rei da lambada vai escolher uma das cinco finalistas para ser sua namorada. Quem vai conquistar definitivamente o cora\u00e7\u00e3o do cantor?\u00a0<\/p>\n<p>O programa traz tamb\u00e9m uma entrevista com o elenco da nova novela da Record Bela, A Feia, que estr\u00e9ia no pr\u00f3ximo dia 4 de agosto, \u00e0s 20h30, antes do Ta na Ro\u00e7a da Fazenda..<\/p>\n<p>E o tradicional Vai dar Namoro? promete elevar a temperatura dos casais no palco da Record. Alguns participantes v\u00e3o se declarar na frente das c\u00e2meras. Ser\u00e1 que vai dar romance ou os meninos v\u00e3o tomar o j\u00e1 famoso &#8220;toco&#8221;?<\/p>\n<p>O Melhor do Brasil, apresentado pro Rodrigo Faro \u00e9 vice-l\u00edder absoluto nas tardes de s\u00e1bado da Record, e vai ao ar a partir das 17h.<br \/>\nRede Record<\/p>\n<p>Cr\u00e9dito para fotos:\u00a0Lavando Roupa Suja: Antonio Chahestian\/ Divulga\u00e7\u00e3o Record<\/p>\n","protected":false},"excerpt":{"rendered":"<p>Em O Melhor do Brasil deste s\u00e1bado (01\/08) na Rede Record, Rodrigo Faro recebe o ator Jonanthan, eliminado da Fazenda, no quadro Lavando Roupa Suja. O eliminado da semana em A Fazenda comenta sobre sua participa\u00e7\u00e3o no reality show da Record, suas brigas com alguns confinados e fala de planos para o futuro. \u00a0No palco, [&hellip;]<\/p>\n","protected":false},"author":3,"featured_media":0,"comment_status":"open","ping_status":"open","sticky":false,"template":"","format":"standard","meta":{"tdm_status":"","tdm_grid_status":"","footnotes":""},"categories":[22,343],"tags":[],"class_list":{"0":"post-7027","1":"post","2":"type-post","3":"status-publish","4":"format-standard","6":"category-brasil","7":"category-televisao"},"_links":{"self":[{"href":"https:\/\/migracao.redenoticia.com.br\/noticia\/wp-json\/wp\/v2\/posts\/7027","targetHints":{"allow":["GET"]}}],"collection":[{"href":"https:\/\/migracao.redenoticia.com.br\/noticia\/wp-json\/wp\/v2\/posts"}],"about":[{"href":"https:\/\/migracao.redenoticia.com.br\/noticia\/wp-json\/wp\/v2\/types\/post"}],"author":[{"embeddable":true,"href":"https:\/\/migracao.redenoticia.com.br\/noticia\/wp-json\/wp\/v2\/users\/3"}],"replies":[{"embeddable":true,"href":"https:\/\/migracao.redenoticia.com.br\/noticia\/wp-json\/wp\/v2\/comments?post=7027"}],"version-history":[{"count":0,"href":"https:\/\/migracao.redenoticia.com.br\/noticia\/wp-json\/wp\/v2\/posts\/7027\/revisions"}],"wp:attachment":[{"href":"https:\/\/migracao.redenoticia.com.br\/noticia\/wp-json\/wp\/v2\/media?parent=7027"}],"wp:term":[{"taxonomy":"category","embeddable":true,"href":"https:\/\/migracao.redenoticia.com.br\/noticia\/wp-json\/wp\/v2\/categories?post=7027"},{"taxonomy":"post_tag","embeddable":true,"href":"https:\/\/migracao.redenoticia.com.br\/noticia\/wp-json\/wp\/v2\/tags?post=7027"}],"curies":[{"name":"wp","href":"https:\/\/api.w.org\/{rel}","templated":true}]}}