{"id":7046,"date":"2009-07-30T16:32:40","date_gmt":"2009-07-30T20:32:40","guid":{"rendered":"http:\/\/www.redenoticia.com.br\/noticia\/?p=7046"},"modified":"2009-07-30T16:32:40","modified_gmt":"2009-07-30T20:32:40","slug":"clima-tempo-alerta-para-sexta-feira-chuvosa-em-sao-paulo-e-na-baixada-santista","status":"publish","type":"post","link":"https:\/\/migracao.redenoticia.com.br\/noticia\/2009\/clima-tempo-alerta-para-sexta-feira-chuvosa-em-sao-paulo-e-na-baixada-santista\/7046","title":{"rendered":"Clima tempo alerta para sexta-feira chuvosa em S\u00e3o Paulo e na baixada Santista"},"content":{"rendered":"<p>Nesta sexta-feira, o tempo n\u00e3o muda muito em S\u00e3o Paulo. Ainda h\u00e1 previs\u00e3o de chuva, inclusive no litoral. Segundo a Clima tempo o mar fica com ressaca e a altura das ondas chega a 2,5m no litoral de S\u00e3o Paulo. \u00a0No s\u00e1bado, um sistema de baixa press\u00e3o se forma no mar pr\u00f3ximo ao litoral da Regi\u00e3o Sudeste. Associado a este sistema, \u00e1reas de instabilidade provocam o aumento de nuvens em toda faixa litor\u00e2nea. A altura das ondas diminui, mas o mar ainda fica bem agitado, com ondas por volta de 2m no litoral de S\u00e3o Paulo.<\/p>\n<p>Depois de uma semana com chuva, trovoadas e at\u00e9 granizo, o sol reaparece na capital paulista, no meio de muitas nuvens. As pancadas de chuva podem acontecer no per\u00edodo da tarde.<\/p>\n<p>No domingo, o sol aparece de manh\u00e3 no meio de nuvens no litoral e na Grande S\u00e3o Paulo. A nebulosidade aumenta e h\u00e1 previs\u00e3o de chuva \u00e0 tarde e \u00e0 noite. O mar baixa de forma mais significativa, com ondas por volta de 1,5m.<\/p>\n<p>Sobre o Grupo Climatempo<\/p>\n<p>O Grupo Climatempo \u00e9 a maior empresa privada de meteorologia do pa\u00eds. Uma holding formada pela Climatempo Consultoria, Ag\u00eancia Climatempo, a TV Climatempo e a CLIMANET (Internet, servi\u00e7os de tecnologia e inform\u00e1tica). Atualmente, o Grupo Climatempo fornece conte\u00fado para os principais portais do pa\u00eds, mais de 50 retransmissoras de televis\u00e3o do Brasil, r\u00e1dios e tem cerca de mil clientes. Os dois principais segmentos atendidos s\u00e3o o de agroneg\u00f3cios e meios de comunica\u00e7\u00e3o. Al\u00e9m destes, fornece conte\u00fado meteorol\u00f3gico estrat\u00e9gico para produtoras, a ind\u00fastria eletroeletr\u00f4nica e t\u00eaxtil, com\u00e9rcio, moda e turismo, constru\u00e7\u00e3o civil, setor de energia, entre outros setores.<\/p>\n","protected":false},"excerpt":{"rendered":"<p>Nesta sexta-feira, o tempo n\u00e3o muda muito em S\u00e3o Paulo. Ainda h\u00e1 previs\u00e3o de chuva, inclusive no litoral. Segundo a Clima tempo o mar fica com ressaca e a altura das ondas chega a 2,5m no litoral de S\u00e3o Paulo. \u00a0No s\u00e1bado, um sistema de baixa press\u00e3o se forma no mar pr\u00f3ximo ao litoral da [&hellip;]<\/p>\n","protected":false},"author":3,"featured_media":0,"comment_status":"open","ping_status":"open","sticky":false,"template":"","format":"standard","meta":{"tdm_status":"","tdm_grid_status":"","footnotes":""},"categories":[22,327],"tags":[],"class_list":{"0":"post-7046","1":"post","2":"type-post","3":"status-publish","4":"format-standard","6":"category-brasil","7":"category-clima"},"_links":{"self":[{"href":"https:\/\/migracao.redenoticia.com.br\/noticia\/wp-json\/wp\/v2\/posts\/7046","targetHints":{"allow":["GET"]}}],"collection":[{"href":"https:\/\/migracao.redenoticia.com.br\/noticia\/wp-json\/wp\/v2\/posts"}],"about":[{"href":"https:\/\/migracao.redenoticia.com.br\/noticia\/wp-json\/wp\/v2\/types\/post"}],"author":[{"embeddable":true,"href":"https:\/\/migracao.redenoticia.com.br\/noticia\/wp-json\/wp\/v2\/users\/3"}],"replies":[{"embeddable":true,"href":"https:\/\/migracao.redenoticia.com.br\/noticia\/wp-json\/wp\/v2\/comments?post=7046"}],"version-history":[{"count":0,"href":"https:\/\/migracao.redenoticia.com.br\/noticia\/wp-json\/wp\/v2\/posts\/7046\/revisions"}],"wp:attachment":[{"href":"https:\/\/migracao.redenoticia.com.br\/noticia\/wp-json\/wp\/v2\/media?parent=7046"}],"wp:term":[{"taxonomy":"category","embeddable":true,"href":"https:\/\/migracao.redenoticia.com.br\/noticia\/wp-json\/wp\/v2\/categories?post=7046"},{"taxonomy":"post_tag","embeddable":true,"href":"https:\/\/migracao.redenoticia.com.br\/noticia\/wp-json\/wp\/v2\/tags?post=7046"}],"curies":[{"name":"wp","href":"https:\/\/api.w.org\/{rel}","templated":true}]}}