{"id":7048,"date":"2009-07-30T16:36:05","date_gmt":"2009-07-30T20:36:05","guid":{"rendered":"http:\/\/www.redenoticia.com.br\/noticia\/?p=7048"},"modified":"2009-07-30T16:36:05","modified_gmt":"2009-07-30T20:36:05","slug":"clima-tempo-divulga-previsao-para-o-fim-de-semana-em-todo-o-brasil","status":"publish","type":"post","link":"https:\/\/migracao.redenoticia.com.br\/noticia\/2009\/clima-tempo-divulga-previsao-para-o-fim-de-semana-em-todo-o-brasil\/7048","title":{"rendered":"Clima tempo divulga previs\u00e3o para o fim de semana em todo o Brasil"},"content":{"rendered":"<p>No fim de semana frio diminui no sul e o sol reaparece em S\u00e3o Paulo. Clima tempo divulga previs\u00e3o para o fim de semana em todo o Brasil.<strong> <\/strong>O fim de semana ser\u00e1 de chuva em Curitiba e no litoral do Paran\u00e1. O frio diminui no Rio Grande do Sul e em S\u00e3o Paulo e o sol reaparece no s\u00e1bado. Apesar disso, a meteorologia da Clima tempo prev\u00ea pancadas de chuva e ressaca no litoral do Sul e do Sudeste. Na regi\u00e3o central do Pa\u00eds, o ar seco predomina e inibe a forma\u00e7\u00e3o de nuvens de chuva.<br \/>\nConfira como fica a previs\u00e3o durante o fim de semana na sua regi\u00e3o:<\/p>\n<p>Regi\u00e3o Sul<\/p>\n<p>Nesta sexta-feira, o sol aparece em todo o Rio Grande do Sul e o frio diminui de intensidade. A massa de ar polar que atua sobre a Regi\u00e3o Sul do Brasil favorece a ocorr\u00eancia de geada ao amanhecer em Bag\u00e9 e nas \u00e1reas de fronteira. \u00c1reas de instabilidade que se formam no interior do continente provocam o aumento de nuvens no norte ga\u00facho e do Paran\u00e1. Nestas \u00e1reas, est\u00e3o previstas pancadas de chuva \u00e0 tarde. No Vale do Itaja\u00ed, Curitiba, regi\u00e3o de Iva\u00ed e no litoral do Paran\u00e1 a sexta-feira ser\u00e1 chuvosa. O mar fica agitado nas praias do Rio Grande do Sul e de Santa Catarina.<\/p>\n<p>No s\u00e1bado, \u00e1reas de instabilidade que se formam no interior do continente espalham muita nebulosidade sobre a maior parte da Regi\u00e3o Sul e provocam pancadas de chuva. Faz um pouco de frio, devido \u00e0 presen\u00e7a da massa de ar polar. O tempo fica firme sem chuva somente em S\u00e3o Luiz Gonzaga, Uruguaiana, Santa Maria e Bag\u00e9.<\/p>\n<p>No domingo, o ar frio polar se espalha sobre o oeste da Regi\u00e3o Sul e n\u00e3o chove. Um sistema de baixa press\u00e3o se forma pr\u00f3ximo ao litoral da Regi\u00e3o e o domingo amanhece chuvoso no leste ga\u00facho. No centro-leste catarinense, inclusive em Florian\u00f3polis, a chuva ocorre de manh\u00e3. No norte, centro e leste do Paran\u00e1 chove a qualquer hora durante todo o dia.<\/p>\n<p>Regi\u00e3o Sudeste<\/p>\n<p>Nesta sexta-feira-feira o tempo n\u00e3o muda muito em S\u00e3o Paulo. Ainda h\u00e1 previs\u00e3o de chuva, inclusive no litoral. O Rio de Janeiro amanhece com tempo fechado e ao longo do dia a chuva diminui. O mar fica com ressaca e a altura das ondas chega a 2,5m no litoral de S\u00e3o Paulo e at\u00e9 3m nas praias do Rio de Janeiro. Nas demais \u00e1reas da Regi\u00e3o Sudeste, o ar seco predomina e deixa o tempo firme.<\/p>\n<p>A meteorologia da Climatempo chama aten\u00e7\u00e3o para a capital mineira. Desde o \u00faltimo domingo, dia 26, a cidade de Belo Horizonte convive com o calor e o tempo seco. Ontem, a umidade relativa do ar atingiu 14%, n\u00edvel considerado de alerta pela OMS &#8211; Organiza\u00e7\u00e3o Mundial de Sa\u00fade &#8211; que recomenda a ingest\u00e3o de muito liquido. \u00c9 necess\u00e1rio tamb\u00e9m, de acordo com a OMS, evitar fazer exerc\u00edcios f\u00edsicos entre 10 e 16 horas. De acordo com a Climatempo, Belo Horizonte ter\u00e1 um fim de semana de sol, calor e tempo seco.<\/p>\n<p>No s\u00e1bado, um sistema de baixa press\u00e3o se forma no mar pr\u00f3ximo ao litoral da Regi\u00e3o Sudeste. Associado a este sistema, \u00e1reas de instabilidade provocam o aumento de nuvens em toda faixa litor\u00e2nea. A altura das ondas diminui, mas o mar ainda fica bem agitado, com ondas por volta de 2m no litoral de S\u00e3o Paulo e em torno de 2,5m nas praias do Rio. Depois de uma semana com chuva, trovoadas e at\u00e9 granizo, o sol reaparece na capital paulista. As demais \u00e1reas da Regi\u00e3o t\u00eam um dia ensolarado sem chuva.<\/p>\n<p>No domingo, o sol aparece no meio de nuvens de manh\u00e3 no litoral e na Grande S\u00e3o Paulo. \u00c0 tarde, a nebulosidade aumenta e h\u00e1 previs\u00e3o de chuva. O mar baixa de forma mais significativa, com ondas por volta de 1,5m. As demais \u00e1reas da Regi\u00e3o seguem com o tempo firme, devido \u00e0 presen\u00e7a do ar seco que inibe a forma\u00e7\u00e3o de nuvens de chuva.<\/p>\n<p>Regi\u00e3o Centro-Oeste<\/p>\n<p>Instabilidades que se formam no interior do continente favorecem o aumento de nuvens e pancadas de chuva no sul do Mato Grosso do Sul durante o fim de semana. As demais \u00e1reas da Regi\u00e3o, incluindo todas as capitais e o Distrito Federal, seguem sob a influ\u00eancia da massa de ar seco que deixa o tempo quente e seco.<\/p>\n<p>Esta massa de ar seco impede a forma\u00e7\u00e3o de nuvens de chuva e dificulta a entrada de frentes frias. De acordo com os meteorologistas da Climatempo, at\u00e9 o in\u00edcio da pr\u00f3xima semana o Centro-Oeste vai continuar com sua rotina de seca e sem previs\u00e3o de chuva. Aten\u00e7\u00e3o par aos n\u00edveis de umidade do ar que ficam entre 15 e 20%, principalmente em Goi\u00e1s e no Distrito Federal.<\/p>\n<p>Regi\u00e3o Nordeste<\/p>\n<p>O fim de semana ser\u00e1 de sol em toda a Regi\u00e3o Nordeste. Instabilidades que vem do mar provocam pancadas de chuva no litoral entre Ilh\u00e9us e Natal. No domingo, o litoral cearense tamb\u00e9m recebe pancadas de chuva.<\/p>\n<p>Regi\u00e3o Norte<\/p>\n<p>O calor e alta umidade do ar provocam pancadas de chuva no centro-norte do Amazonas, Roraima, norte do Par\u00e1 e Amap\u00e1, durante o fim de semana. Nas demais \u00e1reas, o ar seco predomina. O alerta da Climatempo \u00e9 para o Tocantins que pode registrar umidade baixa por volta de 20% nos pr\u00f3ximos dias.<\/p>\n<p>Sobre o Grupo Climatempo<\/p>\n<p>O Grupo Climatempo \u00e9 a maior empresa privada de meteorologia do pa\u00eds. Uma holding formada pela Climatempo Consultoria, Ag\u00eancia Climatempo, a TV Climatempo e a CLIMANET (Internet, servi\u00e7os de tecnologia e inform\u00e1tica). Atualmente, o Grupo Climatempo fornece conte\u00fado para os principais portais do pa\u00eds, mais de 50 retransmissoras de televis\u00e3o do Brasil, r\u00e1dios e tem cerca de mil clientes. Os dois principais segmentos atendidos s\u00e3o o de agroneg\u00f3cios e meios de comunica\u00e7\u00e3o. Al\u00e9m destes, fornece conte\u00fado meteorol\u00f3gico estrat\u00e9gico para produtoras, a ind\u00fastria eletroeletr\u00f4nica e t\u00eaxtil, com\u00e9rcio, moda e turismo, constru\u00e7\u00e3o civil, setor de energia, entre outros setores.<\/p>\n","protected":false},"excerpt":{"rendered":"<p>No fim de semana frio diminui no sul e o sol reaparece em S\u00e3o Paulo. Clima tempo divulga previs\u00e3o para o fim de semana em todo o Brasil. O fim de semana ser\u00e1 de chuva em Curitiba e no litoral do Paran\u00e1. O frio diminui no Rio Grande do Sul e em S\u00e3o Paulo e [&hellip;]<\/p>\n","protected":false},"author":3,"featured_media":0,"comment_status":"open","ping_status":"open","sticky":false,"template":"","format":"standard","meta":{"tdm_status":"","tdm_grid_status":"","footnotes":""},"categories":[22,327],"tags":[],"class_list":{"0":"post-7048","1":"post","2":"type-post","3":"status-publish","4":"format-standard","6":"category-brasil","7":"category-clima"},"_links":{"self":[{"href":"https:\/\/migracao.redenoticia.com.br\/noticia\/wp-json\/wp\/v2\/posts\/7048","targetHints":{"allow":["GET"]}}],"collection":[{"href":"https:\/\/migracao.redenoticia.com.br\/noticia\/wp-json\/wp\/v2\/posts"}],"about":[{"href":"https:\/\/migracao.redenoticia.com.br\/noticia\/wp-json\/wp\/v2\/types\/post"}],"author":[{"embeddable":true,"href":"https:\/\/migracao.redenoticia.com.br\/noticia\/wp-json\/wp\/v2\/users\/3"}],"replies":[{"embeddable":true,"href":"https:\/\/migracao.redenoticia.com.br\/noticia\/wp-json\/wp\/v2\/comments?post=7048"}],"version-history":[{"count":0,"href":"https:\/\/migracao.redenoticia.com.br\/noticia\/wp-json\/wp\/v2\/posts\/7048\/revisions"}],"wp:attachment":[{"href":"https:\/\/migracao.redenoticia.com.br\/noticia\/wp-json\/wp\/v2\/media?parent=7048"}],"wp:term":[{"taxonomy":"category","embeddable":true,"href":"https:\/\/migracao.redenoticia.com.br\/noticia\/wp-json\/wp\/v2\/categories?post=7048"},{"taxonomy":"post_tag","embeddable":true,"href":"https:\/\/migracao.redenoticia.com.br\/noticia\/wp-json\/wp\/v2\/tags?post=7048"}],"curies":[{"name":"wp","href":"https:\/\/api.w.org\/{rel}","templated":true}]}}