{"id":7091,"date":"2009-07-30T20:42:52","date_gmt":"2009-07-31T00:42:52","guid":{"rendered":"http:\/\/www.redenoticia.com.br\/noticia\/?p=7091"},"modified":"2009-07-30T20:42:52","modified_gmt":"2009-07-31T00:42:52","slug":"talento-unicamp-2009-altera-a-data-de-sua-decima-edicao","status":"publish","type":"post","link":"https:\/\/migracao.redenoticia.com.br\/noticia\/2009\/talento-unicamp-2009-altera-a-data-de-sua-decima-edicao\/7091","title":{"rendered":"Talento Unicamp 2009 altera a data de sua d\u00e9cima edi\u00e7\u00e3o"},"content":{"rendered":"<p align=\"center\"><em>Adiamento do in\u00edcio das aulas faz com que a 10\u00aa edi\u00e7\u00e3o da maior feira de recrutamento do estado de S\u00e3o Paulo mude para o dia 27 de agosto.<\/em><\/p>\n<p>Devido ao adiamento do in\u00edcio das aulas nas universidades p\u00fablicas do estado de S\u00e3o Paulo, a Comiss\u00e3o Organizadorada Talento Unicamp 2009 decidiu mudar a data da 10\u00aa edi\u00e7\u00e3o do evento para o pr\u00f3ximo dia 27 de agosto. A medida \u00e9 preventiva e foi feita de forma a garantir a meta de p\u00fablico de 10 mil visitantes prometida \u00e0s empresas participantes.<\/p>\n<p>Segundo a coordenadora de comunica\u00e7\u00e3o\u00a0da Talento,\u00a0Carolina Nucci, o cronograma de divulga\u00e7\u00e3o do evento nas faculdades da regi\u00e3o e nas universidades p\u00fablicas do estado de S\u00e3o Paulo teria inicio junto com o in\u00edcio das aulas, ou seja, tr\u00eas semanas antes da Talento. \u201cDessa forma, com a data inicial da feira, dia 20 de agosto, e diante do novo in\u00edcio das aulas, perder\u00edamos duas semanas substanciais de divulga\u00e7\u00e3o\u201d, revela Carolina. \u201cA data da Talento foi justamente alterada para garantir a vinda de alunos das mais diversas universidades al\u00e9m da Unicamp, tais como USP, Unesp, Ufscar, PUCC, Facamp, entre outras\u201d, completa.<\/p>\n<p>A altera\u00e7\u00e3o de apenas uma semana n\u00e3o deve alterar o aproveitamento em termos de recrutamento para as empresas participantes. \u201cA grande maioria dos processos seletivos das empresas t\u00eam in\u00edcio em setembro e em outubro. Al\u00e9m disso, a Talento 2008 tamb\u00e9m foi realizada na quarta semana de agosto e foi altamente proveitosa para os alunos e empresas participantes\u201d, revala M\u00e1rcia Sanvoso, tamb\u00e9m coordenadora da Talento.<\/p>\n<p>A Talento manter\u00e1 os benef\u00edcios que tanto interessam \u00e0s empresas e aos estudantes participantes, al\u00e9m de oferecer novas maneiras de fidelizar a marca de seus parceiros junto a um p\u00fablico extremamente selecionado. Entre as empresas j\u00e1 confirmadas para o evento, est\u00e3o: Ita\u00fa-Unibanco, Elektro, Ambev, Oxiteno, Algar Tecnologia, IBM, Vivo, Daitan Labs, Whirlpool, Astra, International Paper, Syngenta, Motorola, Schlumberger, GE, Arvinmeritor, V2COM, Embrapa, Procter&amp;Gamble, Yp\u00ea, CI, Sonda Procwork, Nefrocare, \u00cdcaro, CCL Label, Cultura Inglesa, Romi, Cosan, Alstom, entre outras.<br \/>\nEstudantes e empresas interessados em participar da Talento Unicamp 2009 podem enviar um e-mail para o endere\u00e7o\u00a0<a href=\"mailto:talento@unicamp.br\" target=\"_blank\">talento@unicamp.br<\/a> para obter mais informa\u00e7\u00f5es.<\/p>\n","protected":false},"excerpt":{"rendered":"<p>Adiamento do in\u00edcio das aulas faz com que a 10\u00aa edi\u00e7\u00e3o da maior feira de recrutamento do estado de S\u00e3o Paulo mude para o dia 27 de agosto. Devido ao adiamento do in\u00edcio das aulas nas universidades p\u00fablicas do estado de S\u00e3o Paulo, a Comiss\u00e3o Organizadorada Talento Unicamp 2009 decidiu mudar a data da 10\u00aa [&hellip;]<\/p>\n","protected":false},"author":2,"featured_media":0,"comment_status":"open","ping_status":"open","sticky":false,"template":"","format":"standard","meta":{"tdm_status":"","tdm_grid_status":"","footnotes":""},"categories":[22],"tags":[],"class_list":{"0":"post-7091","1":"post","2":"type-post","3":"status-publish","4":"format-standard","6":"category-brasil"},"_links":{"self":[{"href":"https:\/\/migracao.redenoticia.com.br\/noticia\/wp-json\/wp\/v2\/posts\/7091","targetHints":{"allow":["GET"]}}],"collection":[{"href":"https:\/\/migracao.redenoticia.com.br\/noticia\/wp-json\/wp\/v2\/posts"}],"about":[{"href":"https:\/\/migracao.redenoticia.com.br\/noticia\/wp-json\/wp\/v2\/types\/post"}],"author":[{"embeddable":true,"href":"https:\/\/migracao.redenoticia.com.br\/noticia\/wp-json\/wp\/v2\/users\/2"}],"replies":[{"embeddable":true,"href":"https:\/\/migracao.redenoticia.com.br\/noticia\/wp-json\/wp\/v2\/comments?post=7091"}],"version-history":[{"count":0,"href":"https:\/\/migracao.redenoticia.com.br\/noticia\/wp-json\/wp\/v2\/posts\/7091\/revisions"}],"wp:attachment":[{"href":"https:\/\/migracao.redenoticia.com.br\/noticia\/wp-json\/wp\/v2\/media?parent=7091"}],"wp:term":[{"taxonomy":"category","embeddable":true,"href":"https:\/\/migracao.redenoticia.com.br\/noticia\/wp-json\/wp\/v2\/categories?post=7091"},{"taxonomy":"post_tag","embeddable":true,"href":"https:\/\/migracao.redenoticia.com.br\/noticia\/wp-json\/wp\/v2\/tags?post=7091"}],"curies":[{"name":"wp","href":"https:\/\/api.w.org\/{rel}","templated":true}]}}