{"id":7100,"date":"2009-07-31T09:58:56","date_gmt":"2009-07-31T13:58:56","guid":{"rendered":"http:\/\/www.redenoticia.com.br\/noticia\/?p=7100"},"modified":"2009-07-31T10:03:43","modified_gmt":"2009-07-31T14:03:43","slug":"dicas-de-leitor-para-a-inscricao-na-plataforma-freire","status":"publish","type":"post","link":"https:\/\/migracao.redenoticia.com.br\/noticia\/2009\/dicas-de-leitor-para-a-inscricao-na-plataforma-freire\/7100","title":{"rendered":"Dicas de leitor para a inscri\u00e7\u00e3o na Plataforma Freire"},"content":{"rendered":"<p>O nosso leitor J. \u00a0 nos enviou algumas dicas sobre as dificuldades encontradas por mihares de professores para completar a inscri\u00e7\u00e3o na plataforma Freire que, por achar v\u00e1lidas, reproduzimos a seguir:<\/p>\n<p>Tentando responder as perguntas colocadas no texto:<\/p>\n<p>1 \u2013 Basicamente todas as universidades p\u00fablicas dos estados participantes.<\/p>\n<p>2 \u2013 Cursos de p\u00f3s-gradua\u00e7\u00e3o e forma\u00e7\u00e3o continuada ainda n\u00e3o est\u00e3o sendo oferecidos pela Plataforma Freire.<\/p>\n<p>3 \u2013 Considerando todo o territ\u00f3rio nacional, todas as as gradua\u00e7\u00f5es relacionadas \u00e0s licenciaturas. Mas \u00e9 bom verificar o que \u00e9 ofertado em cada estado. Alguns ainda s\u00f3 oferecem as \u00e1reas de maior demanda.<\/p>\n<p>4 \u2013 Inscri\u00e7\u00f5es ser\u00e3o prorrogadas at\u00e9 o dia 07\/08.<\/p>\n<p>5 \u2013 Professores do quadro e tamb\u00e9m os tempor\u00e1rios podem fazer a inscri\u00e7\u00e3o. O \u00fanico requisito \u00e9 que estejam em sala de aula efetivamente.<\/p>\n<p>6 \u2013 Alguns pontos devem ser considerados:<br \/>\n&#8211; Todos os campos do curr\u00edculo devem estar corretamente preenchidos, sobretudo os campos \u201cforma\u00e7\u00e3o\u201d e a escola onde o professor atua.<br \/>\n&#8211; O navegador da internet pode dificultar. \u00c9 importante atualizar o internet explorer e aconselhavel a utiliza\u00e7\u00e3o do Mozilla Firefox.<br \/>\n&#8211; A velocidade da conex\u00e3o local pode atrapalhar.<br \/>\n&#8211; Alguns munic\u00edpios n\u00e3o oferecem cursos.<br \/>\n&#8211; Mesmo que seja poss\u00edvel visualizar pela Plataforma Freire, alguns cursos s\u00f3 ser\u00e3o oferecidos a partir de 2010 e suas inscri\u00e7\u00f5es ser\u00e3o em meados de outubro.<\/p>\n<p>Importante lembrar que MG, DF, ES, RO, RS, SP e AC ainda n\u00e3o fazem parte do programa.<\/p>\n<p>Boa sorte a todos.<\/p>\n<p style=\"margin-top: 2px; margin-right: 0px; margin-bottom: 0.8em; margin-left: 0px; outline-width: 0px; outline-style: initial; outline-color: initial; background-image: initial; background-repeat: initial; background-attachment: initial; -webkit-background-clip: initial; -webkit-background-origin: initial; background-color: transparent; line-height: 15px; font-size: 11px; word-wrap: break-word; background-position: initial initial; padding: 0px; border: 0px initial initial;\">J. Figueira<\/p>\n<p style=\"margin-top: 2px; margin-right: 0px; margin-bottom: 0.8em; margin-left: 0px; outline-width: 0px; outline-style: initial; outline-color: initial; background-image: initial; background-repeat: initial; background-attachment: initial; -webkit-background-clip: initial; -webkit-background-origin: initial; background-color: transparent; line-height: 15px; font-size: 11px; word-wrap: break-word; background-position: initial initial; padding: 0px; border: 0px initial initial;\">\n","protected":false},"excerpt":{"rendered":"<p>O nosso leitor J. \u00a0 nos enviou algumas dicas sobre as dificuldades encontradas por mihares de professores para completar a inscri\u00e7\u00e3o na plataforma Freire que, por achar v\u00e1lidas, reproduzimos a seguir: Tentando responder as perguntas colocadas no texto: 1 \u2013 Basicamente todas as universidades p\u00fablicas dos estados participantes. 2 \u2013 Cursos de p\u00f3s-gradua\u00e7\u00e3o e forma\u00e7\u00e3o [&hellip;]<\/p>\n","protected":false},"author":2,"featured_media":0,"comment_status":"open","ping_status":"open","sticky":false,"template":"","format":"standard","meta":{"tdm_status":"","tdm_grid_status":"","footnotes":""},"categories":[22],"tags":[],"class_list":{"0":"post-7100","1":"post","2":"type-post","3":"status-publish","4":"format-standard","6":"category-brasil"},"_links":{"self":[{"href":"https:\/\/migracao.redenoticia.com.br\/noticia\/wp-json\/wp\/v2\/posts\/7100","targetHints":{"allow":["GET"]}}],"collection":[{"href":"https:\/\/migracao.redenoticia.com.br\/noticia\/wp-json\/wp\/v2\/posts"}],"about":[{"href":"https:\/\/migracao.redenoticia.com.br\/noticia\/wp-json\/wp\/v2\/types\/post"}],"author":[{"embeddable":true,"href":"https:\/\/migracao.redenoticia.com.br\/noticia\/wp-json\/wp\/v2\/users\/2"}],"replies":[{"embeddable":true,"href":"https:\/\/migracao.redenoticia.com.br\/noticia\/wp-json\/wp\/v2\/comments?post=7100"}],"version-history":[{"count":0,"href":"https:\/\/migracao.redenoticia.com.br\/noticia\/wp-json\/wp\/v2\/posts\/7100\/revisions"}],"wp:attachment":[{"href":"https:\/\/migracao.redenoticia.com.br\/noticia\/wp-json\/wp\/v2\/media?parent=7100"}],"wp:term":[{"taxonomy":"category","embeddable":true,"href":"https:\/\/migracao.redenoticia.com.br\/noticia\/wp-json\/wp\/v2\/categories?post=7100"},{"taxonomy":"post_tag","embeddable":true,"href":"https:\/\/migracao.redenoticia.com.br\/noticia\/wp-json\/wp\/v2\/tags?post=7100"}],"curies":[{"name":"wp","href":"https:\/\/api.w.org\/{rel}","templated":true}]}}