{"id":7114,"date":"2009-07-31T10:37:17","date_gmt":"2009-07-31T14:37:17","guid":{"rendered":"http:\/\/www.redenoticia.com.br\/noticia\/?p=7114"},"modified":"2009-07-31T10:37:17","modified_gmt":"2009-07-31T14:37:17","slug":"goias-mostra-moda-prepara-desfiles-modernos-para-apresentar-as-novas-colecoes","status":"publish","type":"post","link":"https:\/\/migracao.redenoticia.com.br\/noticia\/2009\/goias-mostra-moda-prepara-desfiles-modernos-para-apresentar-as-novas-colecoes\/7114","title":{"rendered":"Goi\u00e1s Mostra Moda prepara desfiles modernos para apresentar as novas cole\u00e7\u00f5es"},"content":{"rendered":"<p>Os desfiles do Goi\u00e1s Mostra Moda ? feira a ser\u00a0realizada em Goi\u00e2nia entre os dias 10 e 13 de agosto\u00a0? prometem surpreender.\u00a0Organizado pelo Sindicato\u00a0das Ind\u00fastrias do Vestu\u00e1rio do Estado de Goi\u00e1s, o\u00a0evento contar\u00e1 com uma passarela cuja estrutura vai possibilitar uma perfeita vis\u00e3o das roupas, tanto de frente como de costas e de perfil. Dezenove grifes do estado apresentar\u00e3o suas cole\u00e7\u00f5es primavera-ver\u00e3o e alto-ver\u00e3o (jeans, lingerie, camisetas e modinha), masculino, feminino e infantil.<\/p>\n<p>Daniella Sarahyba, Carlos Casagrande, Adriana Bombom, Rafinha, Klebber Toledo e Piu-Piu s\u00e3o as celebridades convidadas para desfilar.\u00a0\u00a0Tamb\u00e9m haver\u00e1 a participa\u00e7\u00e3o de estudantes de moda da Universidade Federal de Goi\u00e1s, Universidade Estadual de Goi\u00e1s e da Universo Goi\u00e2nia (Universidade Salgado de Oliveira). Ser\u00e3o apresentadas roupas conceituais e semi-comerciais produzidas pelos universit\u00e1rios durante os desfiles.<\/p>\n<p><strong> <\/strong><\/p>\n<p><strong>FICHA T\u00c9CNICA<\/strong><\/p>\n<p>Reg\u00eancia da coordena\u00e7\u00e3o geral: Walcely Lopes<\/p>\n<p>Dire\u00e7\u00e3o art\u00edstica: Fabr\u00edcio magalh\u00e3es<\/p>\n<p>Stylist:: Paola Britto<\/p>\n<p>Assist\u00eancia de produ\u00e7\u00e3o: Tatiane Mariano<\/p>\n<p>Backstage: Luciene Moreira.<\/p>\n<p><strong>SERVI\u00c7O<\/strong><\/p>\n<p>Goi\u00e1s Mostra Moda<\/p>\n<p>Data:\u00a010 a\u00a013 de agosto de 2009<\/p>\n<p>Local: Centro de Cultura e Conven\u00e7\u00f5es de Goi\u00e2nia<\/p>\n","protected":false},"excerpt":{"rendered":"<p>Os desfiles do Goi\u00e1s Mostra Moda ? feira a ser\u00a0realizada em Goi\u00e2nia entre os dias 10 e 13 de agosto\u00a0? prometem surpreender.\u00a0Organizado pelo Sindicato\u00a0das Ind\u00fastrias do Vestu\u00e1rio do Estado de Goi\u00e1s, o\u00a0evento contar\u00e1 com uma passarela cuja estrutura vai possibilitar uma perfeita vis\u00e3o das roupas, tanto de frente como de costas e de perfil. Dezenove [&hellip;]<\/p>\n","protected":false},"author":2,"featured_media":0,"comment_status":"open","ping_status":"open","sticky":false,"template":"","format":"standard","meta":{"tdm_status":"","tdm_grid_status":"","footnotes":""},"categories":[22],"tags":[],"class_list":{"0":"post-7114","1":"post","2":"type-post","3":"status-publish","4":"format-standard","6":"category-brasil"},"_links":{"self":[{"href":"https:\/\/migracao.redenoticia.com.br\/noticia\/wp-json\/wp\/v2\/posts\/7114","targetHints":{"allow":["GET"]}}],"collection":[{"href":"https:\/\/migracao.redenoticia.com.br\/noticia\/wp-json\/wp\/v2\/posts"}],"about":[{"href":"https:\/\/migracao.redenoticia.com.br\/noticia\/wp-json\/wp\/v2\/types\/post"}],"author":[{"embeddable":true,"href":"https:\/\/migracao.redenoticia.com.br\/noticia\/wp-json\/wp\/v2\/users\/2"}],"replies":[{"embeddable":true,"href":"https:\/\/migracao.redenoticia.com.br\/noticia\/wp-json\/wp\/v2\/comments?post=7114"}],"version-history":[{"count":0,"href":"https:\/\/migracao.redenoticia.com.br\/noticia\/wp-json\/wp\/v2\/posts\/7114\/revisions"}],"wp:attachment":[{"href":"https:\/\/migracao.redenoticia.com.br\/noticia\/wp-json\/wp\/v2\/media?parent=7114"}],"wp:term":[{"taxonomy":"category","embeddable":true,"href":"https:\/\/migracao.redenoticia.com.br\/noticia\/wp-json\/wp\/v2\/categories?post=7114"},{"taxonomy":"post_tag","embeddable":true,"href":"https:\/\/migracao.redenoticia.com.br\/noticia\/wp-json\/wp\/v2\/tags?post=7114"}],"curies":[{"name":"wp","href":"https:\/\/api.w.org\/{rel}","templated":true}]}}