{"id":7116,"date":"2009-07-31T10:39:08","date_gmt":"2009-07-31T14:39:08","guid":{"rendered":"http:\/\/www.redenoticia.com.br\/noticia\/?p=7116"},"modified":"2009-07-31T10:39:08","modified_gmt":"2009-07-31T14:39:08","slug":"agricultores-ribeirinhos-reivindicam-programas-da-emater-rondonia","status":"publish","type":"post","link":"https:\/\/migracao.redenoticia.com.br\/noticia\/2009\/agricultores-ribeirinhos-reivindicam-programas-da-emater-rondonia\/7116","title":{"rendered":"Agricultores ribeirinhos reivindicam programas da Emater (Rond\u00f4nia)"},"content":{"rendered":"<p>Aproximadamente 20 agricultores e representantes de organiza\u00e7\u00f5es sociais rurais da regi\u00e3o do Baixo e M\u00e9dio Madeira, visitaram, na \u00faltima quinta-feira, 30, a sede da Associa\u00e7\u00e3o de Assist\u00eancia T\u00e9cnica e Extens\u00e3o Rural do Estado de Rond\u00f4nia (Emater) em Porto Velho. Recebidos pelo secret\u00e1rio executivo da institui\u00e7\u00e3o, Sorrival de Lima, eles aproveitaram a oportunidade para reivindicar a implanta\u00e7\u00e3o de mais programas de desenvolvimento agropecu\u00e1rio para a regi\u00e3o.<\/p>\n<p>A regi\u00e3o do Baixo e M\u00e9dio Madeira acolhe agricultores ribeirinhos das comunidades de Nazar\u00e9, S\u00e3o Carlos, Calama, Terra Ca\u00edda, Demarca\u00e7\u00e3o, Cuni\u00e3, Curicaca, Ilha de Iracema, Santa Catarina, Tira Fogo e Ressaca, entre outras. O acesso a essa localidade, d\u00e1-se apenas atrav\u00e9s de barco e a popula\u00e7\u00e3o que ali tem muita dificuldade de deslocamento.<\/p>\n<p>H\u00e1 quatro anos uma unidade da Emater foi instalada no local e tem prestado assist\u00eancia t\u00e9cnica \u00e0queles agricultores. Al\u00e9m da pesca, carro chefe da economia local a regi\u00e3o est\u00e1 encontrando na melancia plantada na vazante do Rio Madeira, uma alternativa para seu sustento.<\/p>\n<p>Dentre as reivindica\u00e7\u00f5es feitas ao secret\u00e1rio da Emater os agricultores pediram horas m\u00e1quina de tratores para poderem trabalhar a terra e cursos, em especial o de insemina\u00e7\u00e3o artificial.<\/p>\n<p>O secret\u00e1rio explicou que o Promec \u2013 Programa de Mecaniza\u00e7\u00e3o Agr\u00edcola, que atende aos agricultores com horas-m\u00e1quina \u2013 tem atuado em todo o estado e que, realmente Porto Velho \u00e9 o local onde falta o maior numero de propriedade a serem atendidas. Mas, garante ele, \u201cat\u00e9 2010 ser\u00e3o feitas todas as propriedades\u201d.<\/p>\n<p>Sobre o curso de insemina\u00e7\u00e3o artificial, Sorrival j\u00e1 determinou ao t\u00e9cnico Marivaldo Cavalcanti de Lima que, atenda a solicita\u00e7\u00e3o e pediu ao presidente do Conselho das Associa\u00e7\u00f5es e Cooperativas do Baixo e M\u00e9dio Madeira (Conacobam), Ivan, para reunir os interessados para o curso. \u201cO curso a gente tem condi\u00e7\u00f5es de oferecer, mas \u00e9 preciso que realmente haja interesse do pessoal e que o trabalho seja realmente praticado na regi\u00e3o, alertou o secret\u00e1rio\u201d, pedindo ao presidente que fizesse esse levantamento junto aos agricultores.<\/p>\n<p>O grupo solicitou ainda, que a Emater viabilizasse a visita dos produtores de melancia do Baixo Madeira \u00e0 regi\u00e3o de Pimenta Bueno para trocarem experi\u00eancias e informa\u00e7\u00f5es com produtores daquela localidade.<\/p>\n","protected":false},"excerpt":{"rendered":"<p>Aproximadamente 20 agricultores e representantes de organiza\u00e7\u00f5es sociais rurais da regi\u00e3o do Baixo e M\u00e9dio Madeira, visitaram, na \u00faltima quinta-feira, 30, a sede da Associa\u00e7\u00e3o de Assist\u00eancia T\u00e9cnica e Extens\u00e3o Rural do Estado de Rond\u00f4nia (Emater) em Porto Velho. Recebidos pelo secret\u00e1rio executivo da institui\u00e7\u00e3o, Sorrival de Lima, eles aproveitaram a oportunidade para reivindicar a [&hellip;]<\/p>\n","protected":false},"author":2,"featured_media":0,"comment_status":"open","ping_status":"open","sticky":false,"template":"","format":"standard","meta":{"tdm_status":"","tdm_grid_status":"","footnotes":""},"categories":[22],"tags":[],"class_list":{"0":"post-7116","1":"post","2":"type-post","3":"status-publish","4":"format-standard","6":"category-brasil"},"_links":{"self":[{"href":"https:\/\/migracao.redenoticia.com.br\/noticia\/wp-json\/wp\/v2\/posts\/7116","targetHints":{"allow":["GET"]}}],"collection":[{"href":"https:\/\/migracao.redenoticia.com.br\/noticia\/wp-json\/wp\/v2\/posts"}],"about":[{"href":"https:\/\/migracao.redenoticia.com.br\/noticia\/wp-json\/wp\/v2\/types\/post"}],"author":[{"embeddable":true,"href":"https:\/\/migracao.redenoticia.com.br\/noticia\/wp-json\/wp\/v2\/users\/2"}],"replies":[{"embeddable":true,"href":"https:\/\/migracao.redenoticia.com.br\/noticia\/wp-json\/wp\/v2\/comments?post=7116"}],"version-history":[{"count":0,"href":"https:\/\/migracao.redenoticia.com.br\/noticia\/wp-json\/wp\/v2\/posts\/7116\/revisions"}],"wp:attachment":[{"href":"https:\/\/migracao.redenoticia.com.br\/noticia\/wp-json\/wp\/v2\/media?parent=7116"}],"wp:term":[{"taxonomy":"category","embeddable":true,"href":"https:\/\/migracao.redenoticia.com.br\/noticia\/wp-json\/wp\/v2\/categories?post=7116"},{"taxonomy":"post_tag","embeddable":true,"href":"https:\/\/migracao.redenoticia.com.br\/noticia\/wp-json\/wp\/v2\/tags?post=7116"}],"curies":[{"name":"wp","href":"https:\/\/api.w.org\/{rel}","templated":true}]}}