{"id":712,"date":"2009-04-19T23:22:47","date_gmt":"2009-04-20T03:22:47","guid":{"rendered":"http:\/\/www.redenoticia.com.br\/noticia\/2009\/04\/entrevista-de-empregocomo-fazer-do-nao-um-incentivo\/"},"modified":"2009-04-19T23:22:47","modified_gmt":"2009-04-20T03:22:47","slug":"entrevista-de-empregocomo-fazer-do-nao-um-incentivo","status":"publish","type":"post","link":"https:\/\/migracao.redenoticia.com.br\/noticia\/2009\/entrevista-de-empregocomo-fazer-do-nao-um-incentivo\/712","title":{"rendered":"Entrevista de emprego:como fazer do n\u00e3o um incentivo"},"content":{"rendered":"<p><span>Durante toda a trajet\u00f3ria de constru\u00e7\u00e3o de uma carreira profissional, as pessoas se deparam com oportunidades, dificuldades e barreiras ao longo de sua jornada. Os resultados s\u00e3o consequ\u00eancia de como os desafios foram encarados e o quanto uma pessoa est\u00e1 preparada para entrar no mercado de trabalho e, assim, tra\u00e7ar sua carreira profissional.<\/span><\/p>\n<p><span>\u00a0<\/span><\/p>\n<p><span>A situa\u00e7\u00e3o mais dif\u00edcil, no in\u00edcio dessa trajet\u00f3ria, sobre a necessidade de saber lidar com os obst\u00e1culos, \u00e9 a entrevista de emprego. O que acontece com muitos jovens que est\u00e3o iniciando sua busca por emprego ou est\u00e1gio \u00e9 a rejei\u00e7\u00e3o logo na primeira entrevista devido, claro, ao despreparo durante essas primeiras oportunidades.<\/span><\/p>\n<p><span>\u00a0<\/span><\/p>\n<p><span>Isso \u00e9 comum, por\u00e9m essa situa\u00e7\u00e3o acaba por desanimar o estudante a seguir em frente e buscar novas oportunidades. Os jovens candidatos criam muitas expectativas em rela\u00e7\u00e3o \u00e0s entrevistas de emprego e essa nova gera\u00e7\u00e3o tem problema em ouvir um n\u00e3o e receber isso como algo construtivo, que o fa\u00e7a tentar novamente. A chamada \u201cGera\u00e7\u00e3o Y\u201d \u00e9 formada por esses jovens que, entre outras caracter\u00edsticas, sentem dificuldade em lidar com adversidades.<\/span><\/p>\n<p><span>\u00a0<\/span><\/p>\n<p><span>A primeira entrevista n\u00e3o pode ser encarada com muita press\u00e3o ou expectativa de que nada pode dar errado, deve ser vista como o primeiro contato com esse \u201cmundo\u201d novo. \u00c9 dif\u00edcil saber como \u00e9 uma entrevista de emprego, como se comportar, o que falar, como agir, afinal, \u00e9 uma novidade para quem nunca encarou esse desafio.<\/span><\/p>\n<p><span>\u00a0<\/span><\/p>\n<p><span>No primeiro encontro com o recrutador, o nervosismo \u00e9 incontrol\u00e1vel e a falta de seguran\u00e7a \u00e9 expl\u00edcita. Por isso, tenha uma conversa com algu\u00e9m mais experiente e pe\u00e7a para que ele simule uma entrevista com voc\u00ea e aponte seus erros e acertos. Isso pode ajud\u00e1-lo a controlar o nervosismo, ou pelo menos lidar melhor com ele, e saber o que falar na hora certa.<\/span><\/p>\n<p><span>\u00a0<\/span><\/p>\n<p><span>V\u00e1 bem preparado e, caso receba um \u201cn\u00e3o\u201d, leve isso como um aprendizado, algo que possa ajud\u00e1-lo a aprimorar seu desempenho. N\u00e3o abaixe a cabe\u00e7a para as novas oportunidades, seja auto-confiante e enfrente os novos desafios. Aprender a lidar com os \u201cn\u00e3os\u201d que a vida coloca em nosso caminho \u00e9 importante para aprimorar o modo com que lidamos em situa\u00e7\u00f5es adversas.<\/span><\/p>\n<p><span>\u00a0<\/span><\/p>\n<p><span>Compare\u00e7a a todas as oportunidades que surgirem, assim se acostumar\u00e1 com a situa\u00e7\u00e3o e conhecer\u00e1 tamb\u00e9m os diversos m\u00e9todos de sele\u00e7\u00e3o. Com essa ideia desenvolvida e aplicada no cotidiano, a entrevista se tornar\u00e1 algo mais familiar, sem<span>\u00a0<\/span><em>stress<\/em><span>\u00a0<\/span>e com menos press\u00e3o, o que pode refletir em bom desempenho nas pr\u00f3ximas entrevistas. A aus\u00eancia do nervosismo e a auto-confian\u00e7a acarretam em uma melhor desenvoltura.<\/span><\/p>\n<p><span>\u00a0<\/span><\/p>\n<p><span>\u00c9 importante tamb\u00e9m que o jovem saiba a hora certa de dizer n\u00e3o. Aceitar todas as oportunidades que vem pela frente, sem colocar na balan\u00e7a o que ele realmente deseja fazer, pode trazer consequ\u00eancias futuras como mal desempenho profissional e insatisfa\u00e7\u00e3o pessoal. Portanto, avalie seus desejos e v\u00e1 atr\u00e1s dos seus objetivos sem medo de encarar os obst\u00e1culos.<\/span><\/p>\n<p><span>\u00a0<strong><span>Giuliano Bortoluci<\/span><\/strong><span>\u00a0\u00e9 diretor de Comunica\u00e7\u00e3o do Site Estagi\u00e1rios.com, especializado no encontro dos melhores talentos e oportunidades<span>\u00a0<\/span>de est\u00e1gio<span>\u00a0<\/span>para iniciar a carreira no mercado de trabalho. A empresa est\u00e1 h\u00e1 10 anos no mercado e oferece todas as solu\u00e7\u00f5es\u00a0online\u00a0para emiss\u00e3o e impress\u00e3o<span>\u00a0<\/span>das documenta\u00e7\u00f5es e formaliza\u00e7\u00f5es jur\u00eddicas necess\u00e1rias<span>\u00a0<\/span>\u00e0s contrata\u00e7\u00f5es<span>\u00a0<\/span>de estagi\u00e1rios, nos termos da<span>\u00a0<\/span>Lei vigente.<\/span><\/span><\/p>\n","protected":false},"excerpt":{"rendered":"<p>Durante toda a trajet\u00f3ria de constru\u00e7\u00e3o de uma carreira profissional, as pessoas se deparam com oportunidades, dificuldades e barreiras ao longo de sua jornada. Os resultados s\u00e3o consequ\u00eancia de como os desafios foram encarados e o quanto uma pessoa est\u00e1 preparada para entrar no mercado de trabalho e, assim, tra\u00e7ar sua carreira profissional. \u00a0 A [&hellip;]<\/p>\n","protected":false},"author":2,"featured_media":0,"comment_status":"open","ping_status":"open","sticky":false,"template":"","format":"standard","meta":{"tdm_status":"","tdm_grid_status":"","footnotes":""},"categories":[22],"tags":[],"class_list":{"0":"post-712","1":"post","2":"type-post","3":"status-publish","4":"format-standard","6":"category-brasil"},"_links":{"self":[{"href":"https:\/\/migracao.redenoticia.com.br\/noticia\/wp-json\/wp\/v2\/posts\/712","targetHints":{"allow":["GET"]}}],"collection":[{"href":"https:\/\/migracao.redenoticia.com.br\/noticia\/wp-json\/wp\/v2\/posts"}],"about":[{"href":"https:\/\/migracao.redenoticia.com.br\/noticia\/wp-json\/wp\/v2\/types\/post"}],"author":[{"embeddable":true,"href":"https:\/\/migracao.redenoticia.com.br\/noticia\/wp-json\/wp\/v2\/users\/2"}],"replies":[{"embeddable":true,"href":"https:\/\/migracao.redenoticia.com.br\/noticia\/wp-json\/wp\/v2\/comments?post=712"}],"version-history":[{"count":0,"href":"https:\/\/migracao.redenoticia.com.br\/noticia\/wp-json\/wp\/v2\/posts\/712\/revisions"}],"wp:attachment":[{"href":"https:\/\/migracao.redenoticia.com.br\/noticia\/wp-json\/wp\/v2\/media?parent=712"}],"wp:term":[{"taxonomy":"category","embeddable":true,"href":"https:\/\/migracao.redenoticia.com.br\/noticia\/wp-json\/wp\/v2\/categories?post=712"},{"taxonomy":"post_tag","embeddable":true,"href":"https:\/\/migracao.redenoticia.com.br\/noticia\/wp-json\/wp\/v2\/tags?post=712"}],"curies":[{"name":"wp","href":"https:\/\/api.w.org\/{rel}","templated":true}]}}