{"id":7120,"date":"2009-07-31T10:42:09","date_gmt":"2009-07-31T14:42:09","guid":{"rendered":"http:\/\/www.redenoticia.com.br\/noticia\/?p=7120"},"modified":"2009-07-31T10:42:09","modified_gmt":"2009-07-31T14:42:09","slug":"amcham-lanca-o-premio-eco-2009-bdo-trevisan-realiza-auditoria-da-premiacao","status":"publish","type":"post","link":"https:\/\/migracao.redenoticia.com.br\/noticia\/2009\/amcham-lanca-o-premio-eco-2009-bdo-trevisan-realiza-auditoria-da-premiacao\/7120","title":{"rendered":"Amcham lan\u00e7a o Pr\u00eamio ECO 2009; BDO Trevisan realiza auditoria da premia\u00e7\u00e3o"},"content":{"rendered":"<p>A Amcham &#8211; C\u00e2mara Americana de Com\u00e9rcio lan\u00e7ou nesta quinta-feira, 30 de julho, a edi\u00e7\u00e3o 2009 do Pr\u00eamio ECO. Dois eventos ? um\u00a0\u00a0pela manh\u00e3, na sede da entidade em S\u00e3o Paulo, e outra \u00e0 tarde,\u00a0em Campinas (SP) ? marcaram o lan\u00e7amento simult\u00e2neo da premia\u00e7\u00e3o, cujo tema este ano \u00e9: ?Inova\u00e7\u00e3o e Sustentabilidade nas Empresas.<\/p>\n<p>Ao longo de sua hist\u00f3ria, o pr\u00eamio acompanhou as mudan\u00e7as no mundo dos neg\u00f3cios. A recente crise internacional levou os l\u00edderes empresariais da Amcham a novas reflex\u00f5es endere\u00e7adas ao desenvolvimento empresarial sustent\u00e1vel no Brasil, especialmente com \u00eanfase na inova\u00e7\u00e3o?, afirma I\u00eada Novais, diretora Corporativa da BDO Trevisan e presidente do Comit\u00ea de Sustentabilidade da Amcham.<\/p>\n<p>Criado em 1982, o Pr\u00eamio ECO foi pioneiro no reconhecimento de empresas que adotam pr\u00e1ticas socialmente respons\u00e1veis, gerando uma reflex\u00e3o sobre o desenvolvimento empresarial sustent\u00e1vel no Brasil. A BDO Trevisan ser\u00e1 respons\u00e1vel pela auditoria da premia\u00e7\u00e3o pelo quinto ano consecutivo.<\/p>\n<p>O professor e ex-reitor da USP Jacques Marcovitch, que participou do evento em S\u00e3o Paulo, disse que a premia\u00e7\u00e3o \u00e9 um passo importante para estimular investimentos em centros de pesquisa e desenvolvimento (P&amp;D) no pa\u00eds. ?O Pr\u00eamio ECO ajudar\u00e1 os militantes da inova\u00e7\u00e3o nas empresas a conseguirem mais recursos.<\/p>\n<p>Segundo a organiza\u00e7\u00e3o do Pr\u00eamio Eco 2009, as empresas ser\u00e3o reconhecidas de acordo com seu porte: pequenas e m\u00e9dias (com faturamento anual entre R$ 15 milh\u00f5es e R$ 100 milh\u00f5es); e grandes (acima de R$ 100 milh\u00f5es). Ser\u00e3o doze as premia\u00e7\u00f5es, sendo tr\u00eas vencedoras (uma entre os pequenos e m\u00e9dios empreendimentos; e duas entre as grandes corpora\u00e7\u00f5es) a cada uma das quatro categorias (Modelo de Neg\u00f3cios; Produtos; Processos; e Projetos).<\/p>\n<p>As inscri\u00e7\u00f5es para o Pr\u00eamio ECO\u00a0podem ser feitas at\u00e9 25 de setembro, pelo\u00a0site<a title=\"blocked::http:\/\/www.premioeco.com.br\/\" href=\"http:\/\/www.premioeco.com.br\/\">www.premioeco.com.br<\/a>.<\/p>\n","protected":false},"excerpt":{"rendered":"<p>A Amcham &#8211; C\u00e2mara Americana de Com\u00e9rcio lan\u00e7ou nesta quinta-feira, 30 de julho, a edi\u00e7\u00e3o 2009 do Pr\u00eamio ECO. Dois eventos ? um\u00a0\u00a0pela manh\u00e3, na sede da entidade em S\u00e3o Paulo, e outra \u00e0 tarde,\u00a0em Campinas (SP) ? marcaram o lan\u00e7amento simult\u00e2neo da premia\u00e7\u00e3o, cujo tema este ano \u00e9: ?Inova\u00e7\u00e3o e Sustentabilidade nas Empresas. Ao [&hellip;]<\/p>\n","protected":false},"author":2,"featured_media":0,"comment_status":"open","ping_status":"open","sticky":false,"template":"","format":"standard","meta":{"tdm_status":"","tdm_grid_status":"","footnotes":""},"categories":[22],"tags":[],"class_list":{"0":"post-7120","1":"post","2":"type-post","3":"status-publish","4":"format-standard","6":"category-brasil"},"_links":{"self":[{"href":"https:\/\/migracao.redenoticia.com.br\/noticia\/wp-json\/wp\/v2\/posts\/7120","targetHints":{"allow":["GET"]}}],"collection":[{"href":"https:\/\/migracao.redenoticia.com.br\/noticia\/wp-json\/wp\/v2\/posts"}],"about":[{"href":"https:\/\/migracao.redenoticia.com.br\/noticia\/wp-json\/wp\/v2\/types\/post"}],"author":[{"embeddable":true,"href":"https:\/\/migracao.redenoticia.com.br\/noticia\/wp-json\/wp\/v2\/users\/2"}],"replies":[{"embeddable":true,"href":"https:\/\/migracao.redenoticia.com.br\/noticia\/wp-json\/wp\/v2\/comments?post=7120"}],"version-history":[{"count":0,"href":"https:\/\/migracao.redenoticia.com.br\/noticia\/wp-json\/wp\/v2\/posts\/7120\/revisions"}],"wp:attachment":[{"href":"https:\/\/migracao.redenoticia.com.br\/noticia\/wp-json\/wp\/v2\/media?parent=7120"}],"wp:term":[{"taxonomy":"category","embeddable":true,"href":"https:\/\/migracao.redenoticia.com.br\/noticia\/wp-json\/wp\/v2\/categories?post=7120"},{"taxonomy":"post_tag","embeddable":true,"href":"https:\/\/migracao.redenoticia.com.br\/noticia\/wp-json\/wp\/v2\/tags?post=7120"}],"curies":[{"name":"wp","href":"https:\/\/api.w.org\/{rel}","templated":true}]}}