{"id":7128,"date":"2009-07-31T11:08:34","date_gmt":"2009-07-31T15:08:34","guid":{"rendered":"http:\/\/www.redenoticia.com.br\/noticia\/?p=7128"},"modified":"2009-07-31T11:08:34","modified_gmt":"2009-07-31T15:08:34","slug":"previsao-do-tempo-informa-que-temperatura-chegou-a-2-graus-negativos-em-jaguarao-rs","status":"publish","type":"post","link":"https:\/\/migracao.redenoticia.com.br\/noticia\/2009\/previsao-do-tempo-informa-que-temperatura-chegou-a-2-graus-negativos-em-jaguarao-rs\/7128","title":{"rendered":"Previs\u00e3o do tempo informa que temperatura chegou a 2 graus negativos em Jaguar\u00e3o-RS"},"content":{"rendered":"<p>Dia segue gelado e m\u00e1xima n\u00e3o passa de 10\u00b0C em boa parte do Sul do pa\u00eds. Previs\u00e3o do tempo informa que temperatura chegou a 2 graus negativos em Jaguar\u00e3o-RS.\u00a0O m\u00eas de julho se despede com cara de inverno da Regi\u00e3o Sul e mais uma vez, as temperaturas ficaram negativas nesta sexta-feira. Em Jaguar\u00e3o, os term\u00f4metros registraram -2\u00b0C e em Pelotas, a m\u00ednima foi de -1\u00b0C. O dia segue gelado nos tr\u00eas Estados da Regi\u00e3o e hoje a m\u00e1xima fica inferior a 7\u00b0C na Serra de Santa Catarina e a 10\u00b0C no sudeste do Paran\u00e1, centro de Santa Catarina e no nordeste e sul do Rio Grande do Sul. Apenas no norte do Paran\u00e1 a m\u00e1xima atinge 25\u00b0C.<br \/>\nAl\u00e9m do frio, a forma\u00e7\u00e3o de uma nova frente fria volta a provocar chuvas no norte do Rio Grande do Sul, Santa Catarina e centro e sul do Paran\u00e1 nesta sexta-feira. Como a temperatura est\u00e1 muito baixa em toda a coluna atmosf\u00e9rica, h\u00e1 risco de queda de granizo. Al\u00e9m disso, as rajadas alcan\u00e7am 70km\/h no sul paranaense e 55km\/h no norte e oeste catarinense.<\/p>\n<p>Segundo os meteorologistas da Somar, a frente fria n\u00e3o consegue se deslocar pelo pa\u00eds e o s\u00e1bado segue com chuvas no norte do Rio Grande do Sul, Santa Catarina e boa parte do Paran\u00e1. Ainda h\u00e1 risco de queda de granizo e as rajadas alcan\u00e7am 55km\/h no centro catarinense e 70km\/h no oeste paranaense. O frio n\u00e3o d\u00e1 tr\u00e9gua e a m\u00ednima fica entre 0\u00b0C e 2\u00b0C no sul do Rio Grande do Sul, entre 3\u00b0C e 5\u00b0C na Serra de Santa Catarina. A m\u00e1xima n\u00e3o chega a 10\u00b0C na Serra Geral, entre o Rio Grande do Sul e Santa Catarina. J\u00e1 no noroeste do Paran\u00e1, a m\u00ednima oscila entre 17\u00b0C 19\u00b0C e m\u00e1xima atinge 25\u00b0C.<\/p>\n<p>No domingo, a frente fria ganha a companhia de um ciclone extratropical e as chuvas se espalham pela Regi\u00e3o Sul e ainda h\u00e1 risco de queda de granizo nos tr\u00eas Estados. Apenas em partes do oeste e sul do Rio Grande do Sul, o risco de chuva \u00e9 menor. A previs\u00e3o tamb\u00e9m indica rajadas de at\u00e9 70km\/h no sul de Santa Catarina e no centro do Rio Grande do Sul e 90km\/h no leste do Paran\u00e1. O frio da madrugada diminui e a m\u00ednima fica entre 6\u00b0C e 8\u00b0C na fronteira do Rio Grande do Sul com o Uruguai e na Serra de Santa Catarina. A m\u00e1xima n\u00e3o chega a 10\u00b0C no oeste do Rio Grande do Sul e Serra de Santa Catarina e n\u00e3o passa dos 20\u00b0C em todo o Paran\u00e1.<\/p>\n","protected":false},"excerpt":{"rendered":"<p>Dia segue gelado e m\u00e1xima n\u00e3o passa de 10\u00b0C em boa parte do Sul do pa\u00eds. Previs\u00e3o do tempo informa que temperatura chegou a 2 graus negativos em Jaguar\u00e3o-RS.\u00a0O m\u00eas de julho se despede com cara de inverno da Regi\u00e3o Sul e mais uma vez, as temperaturas ficaram negativas nesta sexta-feira. Em Jaguar\u00e3o, os term\u00f4metros [&hellip;]<\/p>\n","protected":false},"author":3,"featured_media":0,"comment_status":"open","ping_status":"open","sticky":false,"template":"","format":"standard","meta":{"tdm_status":"","tdm_grid_status":"","footnotes":""},"categories":[22,327],"tags":[],"class_list":{"0":"post-7128","1":"post","2":"type-post","3":"status-publish","4":"format-standard","6":"category-brasil","7":"category-clima"},"_links":{"self":[{"href":"https:\/\/migracao.redenoticia.com.br\/noticia\/wp-json\/wp\/v2\/posts\/7128","targetHints":{"allow":["GET"]}}],"collection":[{"href":"https:\/\/migracao.redenoticia.com.br\/noticia\/wp-json\/wp\/v2\/posts"}],"about":[{"href":"https:\/\/migracao.redenoticia.com.br\/noticia\/wp-json\/wp\/v2\/types\/post"}],"author":[{"embeddable":true,"href":"https:\/\/migracao.redenoticia.com.br\/noticia\/wp-json\/wp\/v2\/users\/3"}],"replies":[{"embeddable":true,"href":"https:\/\/migracao.redenoticia.com.br\/noticia\/wp-json\/wp\/v2\/comments?post=7128"}],"version-history":[{"count":0,"href":"https:\/\/migracao.redenoticia.com.br\/noticia\/wp-json\/wp\/v2\/posts\/7128\/revisions"}],"wp:attachment":[{"href":"https:\/\/migracao.redenoticia.com.br\/noticia\/wp-json\/wp\/v2\/media?parent=7128"}],"wp:term":[{"taxonomy":"category","embeddable":true,"href":"https:\/\/migracao.redenoticia.com.br\/noticia\/wp-json\/wp\/v2\/categories?post=7128"},{"taxonomy":"post_tag","embeddable":true,"href":"https:\/\/migracao.redenoticia.com.br\/noticia\/wp-json\/wp\/v2\/tags?post=7128"}],"curies":[{"name":"wp","href":"https:\/\/api.w.org\/{rel}","templated":true}]}}