{"id":7130,"date":"2009-07-31T11:10:13","date_gmt":"2009-07-31T15:10:13","guid":{"rendered":"http:\/\/www.redenoticia.com.br\/noticia\/?p=7130"},"modified":"2009-07-31T11:10:13","modified_gmt":"2009-07-31T15:10:13","slug":"previsao-do-tempo-informa-que-pelotas-registra-a-temperatura-mais-baixa-dos-ultimos-34-anos","status":"publish","type":"post","link":"https:\/\/migracao.redenoticia.com.br\/noticia\/2009\/previsao-do-tempo-informa-que-pelotas-registra-a-temperatura-mais-baixa-dos-ultimos-34-anos\/7130","title":{"rendered":"Previs\u00e2o do tempo informa que Pelotas registra a temperatura mais baixa dos \u00faltimos 34 anos"},"content":{"rendered":"<p>Previs\u00e2o do tempo informa que Pelotas registra a temperatura mais baixa dos \u00faltimos 34 anos. Term\u00f4metros marcaram -2,4\u00b0C nesta sexta-feira. A intensa massa de ar polar que atua no Rio Grande do Sul n\u00e3o para de quebrar recordes de frio no Estado. Hoje foi a vez do munic\u00edpio de Pelotas, no sul do Estado, que registrou a temperatura mais baixa dos \u00faltimos 34 anos: -2,4\u00b0C. Antes disso, o recorde era de -2,7\u00b0C do dia 18 de julho de 1975. Ainda no sul ga\u00facho, a cidade de Rio Grande registrou -0,6\u00b0C nesta sexta-feira, a mesma temperatura m\u00ednima de ontem, sendo considerados os dois dias mais frios da hist\u00f3ria.<br \/>\nO frio n\u00e3o d\u00e1 tr\u00e9gua neste s\u00e1bado, mas j\u00e1 n\u00e3o h\u00e1 previs\u00e3o de recordes. A m\u00ednima fica entre 0\u00b0C e 2\u00b0C no sul do Rio Grande do Sul e entre 3\u00b0C e 5\u00b0C na Serra de Santa Catarina. A m\u00e1xima n\u00e3o chega a 10\u00b0C na Serra Geral, entre os Estados ga\u00facho e catarinense. J\u00e1 no noroeste do Paran\u00e1, a m\u00ednima oscila entre 17\u00b0C e 19\u00b0C e a m\u00e1xima atinge 25\u00b0C. Al\u00e9m do frio, o s\u00e1bado ter\u00e1 temporais no norte do Rio Grande do Sul, Santa Catarina e boa parte do Paran\u00e1. Ainda h\u00e1 risco de queda de granizo e as rajadas alcan\u00e7am 55km\/h no centro catarinense e 70km\/h no oeste paranaense.<\/p>\n<p>De acordo com os meteorologistas da Somar, no domingo, a frente fria ganha a companhia de um ciclone extratropical e as chuvas se espalham pela Regi\u00e3o Sul. Ainda h\u00e1 risco de queda de granizo nos tr\u00eas Estados. Apenas em partes do oeste e sul do Rio Grande do Sul, o risco de chuva \u00e9 menor. As rajadas tingem 70km\/h no sul de Santa Catarina e no centro do Rio Grande do Sul e 90km\/h no leste do Paran\u00e1. O frio da madrugada diminui e a m\u00ednima fica entre 6\u00b0C e 8\u00b0C na fronteira do Rio Grande do Sul com o Uruguai e na Serra de Santa Catarina. A m\u00e1xima n\u00e3o chega a 10\u00b0C no oeste ga\u00facho e serra de catarinense e a 20\u00b0C em todo o Paran\u00e1.<\/p>\n","protected":false},"excerpt":{"rendered":"<p>Previs\u00e2o do tempo informa que Pelotas registra a temperatura mais baixa dos \u00faltimos 34 anos. Term\u00f4metros marcaram -2,4\u00b0C nesta sexta-feira. A intensa massa de ar polar que atua no Rio Grande do Sul n\u00e3o para de quebrar recordes de frio no Estado. Hoje foi a vez do munic\u00edpio de Pelotas, no sul do Estado, que [&hellip;]<\/p>\n","protected":false},"author":3,"featured_media":0,"comment_status":"open","ping_status":"open","sticky":false,"template":"","format":"standard","meta":{"tdm_status":"","tdm_grid_status":"","footnotes":""},"categories":[22,327],"tags":[],"class_list":{"0":"post-7130","1":"post","2":"type-post","3":"status-publish","4":"format-standard","6":"category-brasil","7":"category-clima"},"_links":{"self":[{"href":"https:\/\/migracao.redenoticia.com.br\/noticia\/wp-json\/wp\/v2\/posts\/7130","targetHints":{"allow":["GET"]}}],"collection":[{"href":"https:\/\/migracao.redenoticia.com.br\/noticia\/wp-json\/wp\/v2\/posts"}],"about":[{"href":"https:\/\/migracao.redenoticia.com.br\/noticia\/wp-json\/wp\/v2\/types\/post"}],"author":[{"embeddable":true,"href":"https:\/\/migracao.redenoticia.com.br\/noticia\/wp-json\/wp\/v2\/users\/3"}],"replies":[{"embeddable":true,"href":"https:\/\/migracao.redenoticia.com.br\/noticia\/wp-json\/wp\/v2\/comments?post=7130"}],"version-history":[{"count":0,"href":"https:\/\/migracao.redenoticia.com.br\/noticia\/wp-json\/wp\/v2\/posts\/7130\/revisions"}],"wp:attachment":[{"href":"https:\/\/migracao.redenoticia.com.br\/noticia\/wp-json\/wp\/v2\/media?parent=7130"}],"wp:term":[{"taxonomy":"category","embeddable":true,"href":"https:\/\/migracao.redenoticia.com.br\/noticia\/wp-json\/wp\/v2\/categories?post=7130"},{"taxonomy":"post_tag","embeddable":true,"href":"https:\/\/migracao.redenoticia.com.br\/noticia\/wp-json\/wp\/v2\/tags?post=7130"}],"curies":[{"name":"wp","href":"https:\/\/api.w.org\/{rel}","templated":true}]}}