{"id":7133,"date":"2009-07-31T11:12:13","date_gmt":"2009-07-31T15:12:13","guid":{"rendered":"http:\/\/www.redenoticia.com.br\/noticia\/?p=7133"},"modified":"2009-07-31T11:12:13","modified_gmt":"2009-07-31T15:12:13","slug":"previsao-do-tempo-alerta-que-temporais-voltam-a-atingir-a-regiao-sul-nesta-sexta-feira","status":"publish","type":"post","link":"https:\/\/migracao.redenoticia.com.br\/noticia\/2009\/previsao-do-tempo-alerta-que-temporais-voltam-a-atingir-a-regiao-sul-nesta-sexta-feira\/7133","title":{"rendered":"Previs\u00e3o do tempo alerta que temporais voltam a atingir a regi\u00e3o Sul nesta sexta-feira"},"content":{"rendered":"<p>No Sudeste, chove fraco no leste de SP, boa parte do RJ e sul de MG. Previs\u00e3o do tempo alerta que temporais voltam a atingir a regi\u00e3o Sul nesta sexta-feira. \u00c1reas de instabilidade d\u00e3o origem a uma nova frente fria nesta sexta-feira, que ser\u00e1 respons\u00e1vel por chuvas intensas e generalizadas no norte do Rio Grande do Sul, Santa Catarina e no leste, sul e sudoeste do Paran\u00e1 at\u00e9 o fim desta sexta-feira. Segundo os meteorologistas da Somar, o acumulado passa dos 60mm nessas regi\u00f5es e os tr\u00eas Estados podem registrar queda de granizo por conta da baixa temperatura registrada em toda a coluna atmosf\u00e9rica. Al\u00e9m disso, as rajadas alcan\u00e7am 70km\/h, especialmente no sul do Paran\u00e1.<br \/>\nNa maior parte do Rio Grande do Sul, o tempo segue seco, com sol entre nuvens. No entanto, mesmo com o dia ensolarado, o frio predomina no Estado ga\u00facho e a m\u00e1xima n\u00e3o passa dos 12\u00b0C no extremo sul.<\/p>\n<p>No Sudeste, os ventos \u00famidos que sopram do mar ainda deixam o tempo inst\u00e1vel com chuvas fracas e temperatura baixa no leste de S\u00e3o Paulo, boa parte do Rio de Janeiro e em parte da zona da mata e sul de Minas Gerais.<\/p>\n<p>Por outro lado, o tempo permanece seco e extremamente quente, com m\u00e1xima de mais de 35\u00b0C na maior parte do Cento-Oeste e Norte do Pa\u00eds. Al\u00e9m disso, a umidade relativa do ar do ar fica muito baixa e os \u00edndices atingem entre 10% e 15%. J\u00e1 no Nordeste, \u00e1reas de instabilidade conhecidas por Ondas de Leste ganham for\u00e7a ao longo do dia e voltam a provocar chuvas mais generalizadas, especialmente no litoral da Bahia, Sergipe e Alagoas.<\/p>\n<p>Litoral<br \/>\nAlerta de ressacas no Sul e Sudeste, com ondas de mais de 3m de altura no Rio de Janeiro e em torno dos 2,5m de altura no Esp\u00edrito Santo, S\u00e3o Paulo, Santa Catarina e Rio Grande do Sul. Os ventos tamb\u00e9m ser\u00e3o intensos e as rajadas chegam a quase 40km\/h no litoral de S\u00e3o Paulo e entre 30km\/h e 35km\/h em Santa Catarina e Paran\u00e1.<\/p>\n<p>S\u00e1bado<br \/>\nFinalmente o tempo volta a ficar seco, o sol predomina e a temperatura entra em eleva\u00e7\u00e3o na maior parte dos Estados da Regi\u00e3o Sudeste. Por outro lado, a frente fria ainda provoca chuvas fortes no leste e norte do Rio Grande do Sul, Santa Catarina, Paran\u00e1 e, at\u00e9 mesmo, ao sul de Mato Grosso do Sul. Por conta das chuvas, as temperaturas seguem baixas nessas \u00e1reas.<\/p>\n<p>No Nordeste, o destaque fica com as Ondas de Leste, que ficam mais intensas e causam chuvas constantes e generalizadas desde o sul da Bahia at\u00e9 o Rio Grande do Norte. As chuvas tamb\u00e9m avan\u00e7am pelo interior da Bahia e poder\u00e3o alcan\u00e7ar a Chapada Diamantina. Al\u00e9m da volta das chuvas, a temperatura despenca no leste do Nordeste. J\u00e1 na maior parte do Centro-Oeste e Norte, n\u00e3o h\u00e1 previs\u00e3o de chuvas e o s\u00e1bado segue com muito sol e calor.<\/p>\n","protected":false},"excerpt":{"rendered":"<p>No Sudeste, chove fraco no leste de SP, boa parte do RJ e sul de MG. Previs\u00e3o do tempo alerta que temporais voltam a atingir a regi\u00e3o Sul nesta sexta-feira. \u00c1reas de instabilidade d\u00e3o origem a uma nova frente fria nesta sexta-feira, que ser\u00e1 respons\u00e1vel por chuvas intensas e generalizadas no norte do Rio Grande [&hellip;]<\/p>\n","protected":false},"author":3,"featured_media":0,"comment_status":"open","ping_status":"open","sticky":false,"template":"","format":"standard","meta":{"tdm_status":"","tdm_grid_status":"","footnotes":""},"categories":[22,327],"tags":[],"class_list":{"0":"post-7133","1":"post","2":"type-post","3":"status-publish","4":"format-standard","6":"category-brasil","7":"category-clima"},"_links":{"self":[{"href":"https:\/\/migracao.redenoticia.com.br\/noticia\/wp-json\/wp\/v2\/posts\/7133","targetHints":{"allow":["GET"]}}],"collection":[{"href":"https:\/\/migracao.redenoticia.com.br\/noticia\/wp-json\/wp\/v2\/posts"}],"about":[{"href":"https:\/\/migracao.redenoticia.com.br\/noticia\/wp-json\/wp\/v2\/types\/post"}],"author":[{"embeddable":true,"href":"https:\/\/migracao.redenoticia.com.br\/noticia\/wp-json\/wp\/v2\/users\/3"}],"replies":[{"embeddable":true,"href":"https:\/\/migracao.redenoticia.com.br\/noticia\/wp-json\/wp\/v2\/comments?post=7133"}],"version-history":[{"count":0,"href":"https:\/\/migracao.redenoticia.com.br\/noticia\/wp-json\/wp\/v2\/posts\/7133\/revisions"}],"wp:attachment":[{"href":"https:\/\/migracao.redenoticia.com.br\/noticia\/wp-json\/wp\/v2\/media?parent=7133"}],"wp:term":[{"taxonomy":"category","embeddable":true,"href":"https:\/\/migracao.redenoticia.com.br\/noticia\/wp-json\/wp\/v2\/categories?post=7133"},{"taxonomy":"post_tag","embeddable":true,"href":"https:\/\/migracao.redenoticia.com.br\/noticia\/wp-json\/wp\/v2\/tags?post=7133"}],"curies":[{"name":"wp","href":"https:\/\/api.w.org\/{rel}","templated":true}]}}