{"id":7136,"date":"2009-07-31T11:14:25","date_gmt":"2009-07-31T15:14:25","guid":{"rendered":"http:\/\/www.redenoticia.com.br\/noticia\/?p=7136"},"modified":"2009-07-31T11:14:25","modified_gmt":"2009-07-31T15:14:25","slug":"previsao-do-tempo-informa-que-dia-segue-com-tempo-fechado-e-chuva-fraca-entre-sp-e-rj","status":"publish","type":"post","link":"https:\/\/migracao.redenoticia.com.br\/noticia\/2009\/previsao-do-tempo-informa-que-dia-segue-com-tempo-fechado-e-chuva-fraca-entre-sp-e-rj\/7136","title":{"rendered":"Previs\u00e3o do tempo informa que dia segue com tempo fechado e chuva fraca entre SP e RJ"},"content":{"rendered":"<p>No Sul, \u00e1reas de instabilidade tomam conta da Regi\u00e3o. Previs\u00e3o do tempo informa que dia segue com tempo fechado e chuva fraca entre SP e RJ. \u00c1reas de instabilidade tomam conta da Regi\u00e3o Sul, onde j\u00e1 deixam o tempo fechado, \u00famido e com chuvas fracas. Uma frente fria estava sobre o Sudeste at\u00e9 ontem, mas j\u00e1 se afastou para alto-mar. Mesmo assim, a sexta-feira registra chuva fraca e tempo fechado entre S\u00e3o Paulo e Rio de Janeiro, \u00e0 exemplo do registrado na quinta-feira.\u00a0<br \/>\nNo centro e norte do pa\u00eds, o sol e o calor predominam. Apenas no leste do Nordeste, especialmente no centro e leste da Bahia, a quantidade de nuvens \u00e9 maior por conta da intensifica\u00e7\u00e3o das \u00e1reas de instabilidade. Al\u00e9m disso, pancadas de chuva e trovoadas atingem Roraima e norte do Amazonas.<\/p>\n<p>Pr\u00f3ximos dias<br \/>\nAs \u00e1reas de instabilidade do Sul d\u00e3o origem a uma nova frente fria, respons\u00e1vel por chuvas em boa parte do Sul, leste do Sudeste e sul de Mato Grosso do Sul. De acordo com Celso Oliveira, meteorologista da Somar, a previs\u00e3o \u00e9 de temporais, com acumulado em torno dos 150mm em apenas cinco dias no centro e leste de Santa Catarina, mais de 100mm no sul do Paran\u00e1 e de 70mm no norte do Rio Grande do Sul. No sul de Mato Grosso do Sul e de S\u00e3o Paulo o acumulado alcan\u00e7a 50mm.<\/p>\n<p>Por outro lado, o tempo permanece seco e ensolarado no oeste e sul do Rio Grande do Sul, no centro e norte do Centro-Oeste e no interior do Sudeste. O frio da madrugada (m\u00ednima) diminui nos pr\u00f3ximos dias, mas a temperatura m\u00e1xima permanecer\u00e1 baixa na Regi\u00e3o Sul. No Sudeste e Centro-Oeste, a tend\u00eancia \u00e9 de que o frio concentre-se apenas no sul de S\u00e3o Paulo e de Mato Grosso do Sul.<\/p>\n<p>No Nordeste, \u00e1reas de instabilidade conhecidas por Ondas de Leste voltam a provocar chuvas generalizadas e decl\u00ednio da temperatura no leste da Regi\u00e3o. A m\u00e1xima n\u00e3o passa dos 26\u00b0C entre o leste de Pernambuco e de Alagoas. Apesar da volta das chuvas na maior parte das cidades, o acumulado ser\u00e1 baixo. Na Regi\u00e3o Norte, as precipita\u00e7\u00f5es na forma de pancadas isoladas atingem o oeste e norte da Regi\u00e3o nos pr\u00f3ximos dias.<\/p>\n","protected":false},"excerpt":{"rendered":"<p>No Sul, \u00e1reas de instabilidade tomam conta da Regi\u00e3o. Previs\u00e3o do tempo informa que dia segue com tempo fechado e chuva fraca entre SP e RJ. \u00c1reas de instabilidade tomam conta da Regi\u00e3o Sul, onde j\u00e1 deixam o tempo fechado, \u00famido e com chuvas fracas. Uma frente fria estava sobre o Sudeste at\u00e9 ontem, mas [&hellip;]<\/p>\n","protected":false},"author":3,"featured_media":0,"comment_status":"open","ping_status":"open","sticky":false,"template":"","format":"standard","meta":{"tdm_status":"","tdm_grid_status":"","footnotes":""},"categories":[22,327],"tags":[],"class_list":{"0":"post-7136","1":"post","2":"type-post","3":"status-publish","4":"format-standard","6":"category-brasil","7":"category-clima"},"_links":{"self":[{"href":"https:\/\/migracao.redenoticia.com.br\/noticia\/wp-json\/wp\/v2\/posts\/7136","targetHints":{"allow":["GET"]}}],"collection":[{"href":"https:\/\/migracao.redenoticia.com.br\/noticia\/wp-json\/wp\/v2\/posts"}],"about":[{"href":"https:\/\/migracao.redenoticia.com.br\/noticia\/wp-json\/wp\/v2\/types\/post"}],"author":[{"embeddable":true,"href":"https:\/\/migracao.redenoticia.com.br\/noticia\/wp-json\/wp\/v2\/users\/3"}],"replies":[{"embeddable":true,"href":"https:\/\/migracao.redenoticia.com.br\/noticia\/wp-json\/wp\/v2\/comments?post=7136"}],"version-history":[{"count":0,"href":"https:\/\/migracao.redenoticia.com.br\/noticia\/wp-json\/wp\/v2\/posts\/7136\/revisions"}],"wp:attachment":[{"href":"https:\/\/migracao.redenoticia.com.br\/noticia\/wp-json\/wp\/v2\/media?parent=7136"}],"wp:term":[{"taxonomy":"category","embeddable":true,"href":"https:\/\/migracao.redenoticia.com.br\/noticia\/wp-json\/wp\/v2\/categories?post=7136"},{"taxonomy":"post_tag","embeddable":true,"href":"https:\/\/migracao.redenoticia.com.br\/noticia\/wp-json\/wp\/v2\/tags?post=7136"}],"curies":[{"name":"wp","href":"https:\/\/api.w.org\/{rel}","templated":true}]}}