{"id":7142,"date":"2009-07-31T13:12:30","date_gmt":"2009-07-31T17:12:30","guid":{"rendered":"http:\/\/www.redenoticia.com.br\/noticia\/?p=7142"},"modified":"2009-07-31T13:51:21","modified_gmt":"2009-07-31T17:51:21","slug":"populacao-de-ji-parana-esta-satisfeita-com-o-atendimento-no-hospital-municipal","status":"publish","type":"post","link":"https:\/\/migracao.redenoticia.com.br\/noticia\/2009\/populacao-de-ji-parana-esta-satisfeita-com-o-atendimento-no-hospital-municipal\/7142","title":{"rendered":"Popula\u00e7\u00e3o de Ji-Paran\u00e1 esta satisfeita com o atendimento no Hospital Municipal"},"content":{"rendered":"<p>Uma pesquisa com 100 pessoas que buscaram atendimento no Hospital Municipal (HM) e em mais duas unidades de sa\u00fade da rede p\u00fablica esta semana confirmou o que os t\u00e9cnicos de sa\u00fade tem afirmado desde o in\u00edcio do ano: a popula\u00e7\u00e3o ji-paranaense\u00a0 est\u00e1 muito satisfeita com o trabalho que vem sendo desenvolvido na Sa\u00fade de Ji-Paran\u00e1.<\/p>\n<p>A pesquisa de satisfa\u00e7\u00e3o foi realizada pela Assessoria de Comunica\u00e7\u00e3o da Semusa com o intuito de avaliar o grau de satisfa\u00e7\u00e3o dos usu\u00e1rios do sistema municipal de sa\u00fade e servir como subs\u00eddio para futuras a\u00e7\u00f5es da administra\u00e7\u00e3o visando \u00e0 melhoria dos servi\u00e7os oferecidos.<\/p>\n<p><strong>Atendimento r\u00e1pido<\/strong><\/p>\n<p>Foram entrevistados pacientes e acompanhantes de pacientes de ambos os sexos, de 18 a 65 anos no HM e nos Prontos Atendimentos L1-Maring\u00e1, no bairro Nova Bras\u00edlia, e KM 5, no bairro Santiago.<\/p>\n<p>A pesquisa revelou que entre 80 e 90% dos entrevistados foram atendidos em menos de 10 minutos. A maioria deles, cerca de 90%, considerou de bom a \u00f3timo (entre as op\u00f5es \u00f3timo, bom, regular e ruim) os servi\u00e7os de triagem, enfermagem, atendimento m\u00e9dico e a limpeza das unidades hospitalares.<\/p>\n<p>Tamb\u00e9m ficou com percentual variando de 80 a 90% o n\u00famero de entrevistados que afirmaram encontrar todo medicamento necess\u00e1rio aos tratamentos nas unidades de sa\u00fade do munic\u00edpio.<\/p>\n<p><strong>Em todas as unidades<\/strong><\/p>\n<p>Do pequeno n\u00famero de entrevistados que se disseram insatisfeitos com os servi\u00e7os oferecidos, a reivindica\u00e7\u00e3o recorrente foi quanto \u00e0 melhoria do atendimento em geral, isto porque, a pesquisa foi realizada, propositadamente, em um dos dias e hor\u00e1rios de maior movimenta\u00e7\u00e3o nas unidades hospitalares, na segunda-feira pela manh\u00e3.<\/p>\n<p>Satisfeito com os resultados da pesquisa, o secret\u00e1rio de Sa\u00fade, Jos\u00e9\u00a0Batista quer que, a partir do m\u00eas\u00a0de agosto, o trabalho seja realizado em todas as unidades de sa\u00fade de Ji-Paran\u00e1.<\/p>\n<p>\u201c\u00c9 muito bom, al\u00e9m da opini\u00e3o dos t\u00e9cnicos, tamb\u00e9m ter a opini\u00e3o da popula\u00e7\u00e3o. Somente sabendo o que os usu\u00e1rios pensam sobre os servi\u00e7os que oferecemos \u00e9 que podemos avaliar o trabalho que estamos realizando e o qu\u00ea precisa ser melhorado\u201d, afirmou Batista.<\/p>\n","protected":false},"excerpt":{"rendered":"<p>Uma pesquisa com 100 pessoas que buscaram atendimento no Hospital Municipal (HM) e em mais duas unidades de sa\u00fade da rede p\u00fablica esta semana confirmou o que os t\u00e9cnicos de sa\u00fade tem afirmado desde o in\u00edcio do ano: a popula\u00e7\u00e3o ji-paranaense\u00a0 est\u00e1 muito satisfeita com o trabalho que vem sendo desenvolvido na Sa\u00fade de Ji-Paran\u00e1. [&hellip;]<\/p>\n","protected":false},"author":2,"featured_media":0,"comment_status":"open","ping_status":"open","sticky":false,"template":"","format":"standard","meta":{"tdm_status":"","tdm_grid_status":"","footnotes":""},"categories":[22],"tags":[],"class_list":{"0":"post-7142","1":"post","2":"type-post","3":"status-publish","4":"format-standard","6":"category-brasil"},"_links":{"self":[{"href":"https:\/\/migracao.redenoticia.com.br\/noticia\/wp-json\/wp\/v2\/posts\/7142","targetHints":{"allow":["GET"]}}],"collection":[{"href":"https:\/\/migracao.redenoticia.com.br\/noticia\/wp-json\/wp\/v2\/posts"}],"about":[{"href":"https:\/\/migracao.redenoticia.com.br\/noticia\/wp-json\/wp\/v2\/types\/post"}],"author":[{"embeddable":true,"href":"https:\/\/migracao.redenoticia.com.br\/noticia\/wp-json\/wp\/v2\/users\/2"}],"replies":[{"embeddable":true,"href":"https:\/\/migracao.redenoticia.com.br\/noticia\/wp-json\/wp\/v2\/comments?post=7142"}],"version-history":[{"count":0,"href":"https:\/\/migracao.redenoticia.com.br\/noticia\/wp-json\/wp\/v2\/posts\/7142\/revisions"}],"wp:attachment":[{"href":"https:\/\/migracao.redenoticia.com.br\/noticia\/wp-json\/wp\/v2\/media?parent=7142"}],"wp:term":[{"taxonomy":"category","embeddable":true,"href":"https:\/\/migracao.redenoticia.com.br\/noticia\/wp-json\/wp\/v2\/categories?post=7142"},{"taxonomy":"post_tag","embeddable":true,"href":"https:\/\/migracao.redenoticia.com.br\/noticia\/wp-json\/wp\/v2\/tags?post=7142"}],"curies":[{"name":"wp","href":"https:\/\/api.w.org\/{rel}","templated":true}]}}