{"id":7145,"date":"2009-07-31T13:26:16","date_gmt":"2009-07-31T17:26:16","guid":{"rendered":"http:\/\/www.redenoticia.com.br\/noticia\/?p=7145"},"modified":"2009-09-14T17:04:28","modified_gmt":"2009-09-14T21:04:28","slug":"sorteio-da-mega-sena-1096-pode-fazer-um-milionario-em-01-de-agosto","status":"publish","type":"post","link":"https:\/\/migracao.redenoticia.com.br\/noticia\/2009\/sorteio-da-mega-sena-1096-pode-fazer-um-milionario-em-01-de-agosto\/7145","title":{"rendered":"Sorteio da Mega Sena 1096 pode fazer um milion\u00e1rio em 01 de agosto"},"content":{"rendered":"<p><a href=\"https:\/\/migracao.redenoticia.com.br\/noticia\/imagens\/\/loto5.jpg\"><img loading=\"lazy\" decoding=\"async\" class=\"alignleft size-full wp-image-7078\" title=\"loto5\" src=\"https:\/\/migracao.redenoticia.com.br\/noticia\/imagens\/\/loto5.jpg\" alt=\"loto5\" width=\"150\" height=\"113\" \/><\/a>Dizem que agosto \u00e9 o m\u00eas do azar. Ningu\u00e9m sabe ao certo o porqu\u00ea da m\u00edstica em torno desse m\u00eas. Alguns fatos hist\u00f3ricos refor\u00e7aram a supersti\u00e7\u00e3o, como a 1\u00b0 Guerra Mundial, que teve in\u00edcio em 1\u00ba de agosto de 1914, e a morte do presidente Get\u00falio Vargas.\u00a0Mas ao contr\u00e1rio da m\u00edstica, o m\u00eas de agosto pode ser o m\u00eas da sorte do apostador da MegaSena. O pr\u00eamio previsto de R$ 29 milh\u00f5es poder\u00e1 sair no primeiro dia de agosto, no concurso 1096.<\/p>\n<p>A cren\u00e7a e a supersti\u00e7\u00e3o fazem parte da hist\u00f3ria das loterias. N\u00e3o \u00e9 \u00e0 toa que milh\u00f5es de brasileiros seguem para as lot\u00e9ricas com datas de anivers\u00e1rios de familiares, placa do carro, n\u00fameros de telefone e outras tantas combina\u00e7\u00f5es sonhando com um pr\u00eamio milion\u00e1rio. Vale tudo na hora de beliscar a sorte.<\/p>\n<p>O pr\u00eamio previsto para o sorteio deste s\u00e1bado poder\u00e1 ser o quinto maior do ano. A maior bolada sorteada de 2009 saiu no dia 25 de julho, no valor de R$ 55,8 milh\u00f5es, para um bol\u00e3o formado por 38 cariocas. Este foi o segundo maior pr\u00eamio pago na hist\u00f3ria da Mega-Sena.<\/p>\n<p>Aplicados na poupan\u00e7a, os R$ 29 milh\u00f5es podem render cerca de R$ 168 mil a cada 30 dias, o equivalente a 361 sal\u00e1rios m\u00ednimos. Com esse dinheiro, \u00e9 poss\u00edvel comprar oito carros populares por m\u00eas. Se o ganhador quiser realizar o sonho de adquirir uma Ferrari zero, poder\u00e1 desembolsar R$ 2,1 milh\u00f5es por um modelo Calif\u00f3rnia 4.3 GT. \u00c9 um pr\u00eamio que pode mudar a sorte de qualquer um.<\/p>\n<p>O sorteio ser\u00e1 realizado neste s\u00e1bado (01), no Caminh\u00e3o da Sorte, que est\u00e1 na cidade de Rio Branco (AC), a partir das 20h (hor\u00e1rio de Bras\u00edlia). As apostas podem ser feitas at\u00e9 as 19h do dia do sorteio em qualquer casa lot\u00e9rica do pa\u00eds e na unidade do Caminh\u00e3o da Sorte. A aposta m\u00ednima, de 6 n\u00fameros, custa R$ 1,75.<\/p>\n<p>Na segunda-feira o Caminh\u00e3o da Sorte chega a Rolim de Moura (RO), onde acontecem os sorteios da pr\u00f3xima semana.<\/p>\n<p>\u00a0<\/p>\n<p>Assessoria de Imprensa da Caixa Econ\u00f4mica Federal<\/p>\n","protected":false},"excerpt":{"rendered":"<p>Dizem que agosto \u00e9 o m\u00eas do azar. Ningu\u00e9m sabe ao certo o porqu\u00ea da m\u00edstica em torno desse m\u00eas. Alguns fatos hist\u00f3ricos refor\u00e7aram a supersti\u00e7\u00e3o, como a 1\u00b0 Guerra Mundial, que teve in\u00edcio em 1\u00ba de agosto de 1914, e a morte do presidente Get\u00falio Vargas.\u00a0Mas ao contr\u00e1rio da m\u00edstica, o m\u00eas de agosto [&hellip;]<\/p>\n","protected":false},"author":3,"featured_media":0,"comment_status":"open","ping_status":"open","sticky":false,"template":"","format":"standard","meta":{"tdm_status":"","tdm_grid_status":"","footnotes":""},"categories":[22,335,355],"tags":[],"class_list":{"0":"post-7145","1":"post","2":"type-post","3":"status-publish","4":"format-standard","6":"category-brasil","7":"category-loteria","8":"category-mega-sena"},"_links":{"self":[{"href":"https:\/\/migracao.redenoticia.com.br\/noticia\/wp-json\/wp\/v2\/posts\/7145","targetHints":{"allow":["GET"]}}],"collection":[{"href":"https:\/\/migracao.redenoticia.com.br\/noticia\/wp-json\/wp\/v2\/posts"}],"about":[{"href":"https:\/\/migracao.redenoticia.com.br\/noticia\/wp-json\/wp\/v2\/types\/post"}],"author":[{"embeddable":true,"href":"https:\/\/migracao.redenoticia.com.br\/noticia\/wp-json\/wp\/v2\/users\/3"}],"replies":[{"embeddable":true,"href":"https:\/\/migracao.redenoticia.com.br\/noticia\/wp-json\/wp\/v2\/comments?post=7145"}],"version-history":[{"count":0,"href":"https:\/\/migracao.redenoticia.com.br\/noticia\/wp-json\/wp\/v2\/posts\/7145\/revisions"}],"wp:attachment":[{"href":"https:\/\/migracao.redenoticia.com.br\/noticia\/wp-json\/wp\/v2\/media?parent=7145"}],"wp:term":[{"taxonomy":"category","embeddable":true,"href":"https:\/\/migracao.redenoticia.com.br\/noticia\/wp-json\/wp\/v2\/categories?post=7145"},{"taxonomy":"post_tag","embeddable":true,"href":"https:\/\/migracao.redenoticia.com.br\/noticia\/wp-json\/wp\/v2\/tags?post=7145"}],"curies":[{"name":"wp","href":"https:\/\/api.w.org\/{rel}","templated":true}]}}