{"id":715,"date":"2009-04-19T23:30:08","date_gmt":"2009-04-20T03:30:08","guid":{"rendered":"http:\/\/www.redenoticia.com.br\/noticia\/2009\/04\/ministrio-investe-r-14-milho-em-reduo-de-danos-por-dependncia-de-lcool-e-outras-drogas\/"},"modified":"2009-04-19T23:36:51","modified_gmt":"2009-04-20T03:36:51","slug":"ministrio-investe-r-14-milho-em-reduo-de-danos-por-dependncia-de-lcool-e-outras-drogas","status":"publish","type":"post","link":"https:\/\/migracao.redenoticia.com.br\/noticia\/2009\/ministrio-investe-r-14-milho-em-reduo-de-danos-por-dependncia-de-lcool-e-outras-drogas\/715","title":{"rendered":"Minist&eacute;rio investe R$ 1,4 milh&atilde;o em redu&ccedil;&atilde;o de danos por depend&ecirc;ncia de &aacute;lcool e outras drogas"},"content":{"rendered":"<p>O Minist\u00e9rio da Sa\u00fade lan\u00e7ou no dia 16 \u00faltimo edital, no valor de R$ 1,4 milh\u00e3o, para o financiamento de projetos de institui\u00e7\u00f5es governamentais, n\u00e3o governamentais e universidades voltados ao fortalecimento das a\u00e7\u00f5es de redu\u00e7\u00e3o de danos junto a usu\u00e1rios de \u00e1lcool e outras drogas. As propostas devem ampliar o acesso desses dependentes aos servi\u00e7os de sa\u00fade, melhorar e qualificar o atendimento oferecido a eles pelo SUS e fortalecer as a\u00e7\u00f5es comunit\u00e1rias de redu\u00e7\u00e3o de danos.<\/p>\n<p>De acordo com o coordenador da \u00c1rea T\u00e9cnica de Sa\u00fade Mental, Pedro Gabriel Delgado, o plano amplia a capacidade do SUS de enfrentar os problemas dos usu\u00e1rios de \u00e1lcool e outras drogas. Segundo ele, a depend\u00eancia de \u00e1lcool \u00e9 a primeira no ranking das drogas ingeridas no pa\u00eds, por cerca de seis milh\u00f5es de pessoas, na faixa et\u00e1ria de 12 a 65 anos de idade. \u201cOs dependentes de \u00e1lcool representam 12% dessa parcela da popula\u00e7\u00e3o\u201d, afirma Delgado. O consumo de outros entorpecentes, como maconha, coca\u00edna, crack e solventes, n\u00e3o tem grande preval\u00eancia quando comparado a outros pa\u00edses da Europa e Estados Unidos.<\/p>\n<p>Os dados da pesquisa do Minist\u00e9rio da Sa\u00fade ? Vigitel 2008, lan\u00e7ada no in\u00edcio de abril ? revelaram que 21% da popula\u00e7\u00e3o masculina admitem dirigir depois de ter bebido. Essa associa\u00e7\u00e3o entre \u00e1lcool e volante tem contribu\u00eddo para o aumento dos acidentes de tr\u00e2nsito. As consequ\u00eancias dessa associa\u00e7\u00e3o est\u00e3o no rol de objetivos dos projetos de redu\u00e7\u00e3o de danos.<\/p>\n<p><b>RESULTADOS POSITIVOS \u2013<\/b> Delgado destacou que a Pol\u00edtica de \u00c1lcool e Outras Drogas do Minist\u00e9rio da Sa\u00fade avan\u00e7ou no conceito de redu\u00e7\u00e3o de danos, antes limitada ao controle da epidemia das DST\/AIDS, inserindo a aten\u00e7\u00e3o integral ao usu\u00e1rio de \u00e1lcool e outras drogas. \u201cO importante \u00e9 garantir a inclus\u00e3o desses dependentes no sistema de sa\u00fade, sem exigir abstin\u00eancia, e evitar a exclus\u00e3o social\u201d, disse o m\u00e9dico.<\/p>\n<p>A distribui\u00e7\u00e3o de camisinhas e seringas, para usu\u00e1rios de drogas injet\u00e1veis, prevista no plano de redu\u00e7\u00e3o de danos, teve impactos positivos na diminui\u00e7\u00e3o dos casos de aids no Brasil. Entre os homens, a taxa caiu de 23,8%, em 1996, para 7,7%, em 2007. Nas mulheres, foi de 12,6% para 2,8%, no mesmo per\u00edodo. Sob o efeito de subst\u00e2ncias psicoativas, as pessoas ficam mais expostas a infec\u00e7\u00f5es pelo HIV\/aids, outras DST e hepatites virais, tanto por compartilharem seringas, cachimbos, piteiras como por se descuidarem do uso do preservativo.<\/p>\n<p>O edital lan\u00e7ado hoje \u00e9 uma constru\u00e7\u00e3o conjunta do Programa Nacional de DST\/Aids, da Secretaria de Vigil\u00e2ncia em Sa\u00fade, e da \u00c1rea T\u00e9cnica de Sa\u00fade Mental da Secretaria de Aten\u00e7\u00e3o \u00e0 Sa\u00fade. A origem dos recursos resulta de uma coopera\u00e7\u00e3o t\u00e9cnica do Minist\u00e9rio e a Ag\u00eancia das Na\u00e7\u00f5es unidas sobre Drogras e Crimes (UNODC), que destinar\u00e1 R$ 800 mil aos projetos. O restante \u00e9 proveniente da Aten\u00e7\u00e3o Especial em Sa\u00fade Mental.<\/p>\n<p>O prazo para apresenta\u00e7\u00e3o dos projetos vai de 20 de abril at\u00e9 20 de junho deste ano e o valor de cada um n\u00e3o dever\u00e1 ultrapassar o limite de R$ 100 mil. Embora o plano abranja todo o pa\u00eds, t\u00eam prioridade os munic\u00edpios com 250 mil ou mais habitantes.<\/p>\n<p>Para atender os usu\u00e1rios de \u00e1lcool e outras drogas, a rede de sa\u00fade mental conta com os Centros de Aten\u00e7\u00e3o Pssicosocial (CAPS), CAPSad, CAPSi e CAPS I, que est\u00e3o localizados geralmente em munic\u00edpios de 20 a 70.000 habitantes, que somandos totalizam 900 servi\u00e7os aos dependentes. Atualmente, a cobertura da rede de sa\u00fade mental do SUS chega a&#160; 55%. Em 2001, esta cobertura era de 21%. Tendo em vista que cerca de 75% da popula\u00e7\u00e3o brasileira usa o SUS, estimamos que 65% da popula\u00e7\u00e3o brasileira est\u00e1 sendo atendida pela rede de sa\u00fade mental. O financiamento da sa\u00fade mental est\u00e1 aumentando ano a ano. Em 2002, o percentual da sa\u00fade mental no or\u00e7amento do MS era de 2,19%; em 2007, este percentual aumentou para 2,43%.<\/p>\n","protected":false},"excerpt":{"rendered":"<p>O Minist\u00e9rio da Sa\u00fade lan\u00e7ou no dia 16 \u00faltimo edital, no valor de R$ 1,4 milh\u00e3o, para o financiamento de projetos de institui\u00e7\u00f5es governamentais, n\u00e3o governamentais e universidades voltados ao fortalecimento das a\u00e7\u00f5es de redu\u00e7\u00e3o de danos junto a usu\u00e1rios de \u00e1lcool e outras drogas. As propostas devem ampliar o acesso desses dependentes aos servi\u00e7os [&hellip;]<\/p>\n","protected":false},"author":2,"featured_media":0,"comment_status":"open","ping_status":"open","sticky":false,"template":"","format":"standard","meta":{"tdm_status":"","tdm_grid_status":"","footnotes":""},"categories":[5],"tags":[],"class_list":{"0":"post-715","1":"post","2":"type-post","3":"status-publish","4":"format-standard","6":"category-saude-e-vida"},"_links":{"self":[{"href":"https:\/\/migracao.redenoticia.com.br\/noticia\/wp-json\/wp\/v2\/posts\/715","targetHints":{"allow":["GET"]}}],"collection":[{"href":"https:\/\/migracao.redenoticia.com.br\/noticia\/wp-json\/wp\/v2\/posts"}],"about":[{"href":"https:\/\/migracao.redenoticia.com.br\/noticia\/wp-json\/wp\/v2\/types\/post"}],"author":[{"embeddable":true,"href":"https:\/\/migracao.redenoticia.com.br\/noticia\/wp-json\/wp\/v2\/users\/2"}],"replies":[{"embeddable":true,"href":"https:\/\/migracao.redenoticia.com.br\/noticia\/wp-json\/wp\/v2\/comments?post=715"}],"version-history":[{"count":0,"href":"https:\/\/migracao.redenoticia.com.br\/noticia\/wp-json\/wp\/v2\/posts\/715\/revisions"}],"wp:attachment":[{"href":"https:\/\/migracao.redenoticia.com.br\/noticia\/wp-json\/wp\/v2\/media?parent=715"}],"wp:term":[{"taxonomy":"category","embeddable":true,"href":"https:\/\/migracao.redenoticia.com.br\/noticia\/wp-json\/wp\/v2\/categories?post=715"},{"taxonomy":"post_tag","embeddable":true,"href":"https:\/\/migracao.redenoticia.com.br\/noticia\/wp-json\/wp\/v2\/tags?post=715"}],"curies":[{"name":"wp","href":"https:\/\/api.w.org\/{rel}","templated":true}]}}