{"id":7150,"date":"2009-07-31T13:35:16","date_gmt":"2009-07-31T17:35:16","guid":{"rendered":"http:\/\/www.redenoticia.com.br\/noticia\/?p=7150"},"modified":"2009-08-05T00:40:43","modified_gmt":"2009-08-05T04:40:43","slug":"a-fazenda-da-rede-record-registra-melhor-media-de-audiencia-as-quintas-feiras","status":"publish","type":"post","link":"https:\/\/migracao.redenoticia.com.br\/noticia\/2009\/a-fazenda-da-rede-record-registra-melhor-media-de-audiencia-as-quintas-feiras\/7150","title":{"rendered":"A Fazenda da Rede Record registra melhor m\u00e9dia de Audi\u00eancia \u00e0s quintas-feiras"},"content":{"rendered":"<p>A Fazenda da Rede Record registra melhor m\u00e9dia de Audi\u00eancia \u00e0s quintas-feiras. O programa A Fazenda exibido ontem (30\/07), na faixa das 22h51 \u00e0 00h15, garantiu o segundo lugar isolado no ranking das audi\u00eancias com 17 pontos de m\u00e9dia, 19 de pico e 30% de share. Esta foi a maior m\u00e9dia que o programa A Fazenda da Rede Record registrou \u00e0s quintas-feiras desde a estreia, no dia 31 de maio.<br \/>\nOntem, A Fazenda exibiu uma prova, onde os confinados tiveram que estudar uma apostila para terem um bom desempenho no jogo que exigia, al\u00e9m de uma boa mem\u00f3ria, sorte e habilidade f\u00edsica. A prova envolveu uma grande a\u00e7\u00e3o de merchandising da Kia e deu ao vencedor, Dado Dolabella, dois carros . O apresentador da Rede Record Britto Jr. anunciou ao vivo que o ganhador do carro receberia tamb\u00e9m um outro para presentear algu\u00e9m de fora da Fazenda. Dado escolheu dar o primeiro carro para a m\u00e3e, Pepita Rodrigues, e outro para sua mulher, Viviane Monteiro.<\/p>\n<p>S\u00e3o Paulo no Ar conquista a lideran\u00e7a durante 16 minutos<br \/>\nNa manh\u00e3 de quinta-feira (30\/07), o telejornal apresentado por Luciano Faccioli voltou a incomodar a emissora concorrente e conquistou o primeiro lugar no ranking de audi\u00eancias durante 16 minutos. No hor\u00e1rio em que foi ao ar, das 7h15 \u00e0s 8h30, o S\u00e3o Paulo no Ar marcou 6 pontos de media, 26% de share e 9 pontos de pico.<br \/>\nNa m\u00e9dia geral, o jornal\u00edstico ficou em segundo lugar isolado.<\/p>\n<p>Fala Brasil alcan\u00e7a o primeiro lugar<br \/>\nO jornal\u00edstico exibido na manh\u00e3 de quinta-feira (30\/07) conquistou, durante 34 minutos, a lideran\u00e7a no ranking de audi\u00eancias. Apresentado por Carla Cecato e Roberta Piza, o Fala Brasil marcou, das 8h30 \u00e0s 9h30, 7 pontos de m\u00e9dia, 28% de share e 9 pontos de pico.<\/p>\n<p>Todo mundo odeia o Chris em segundo lugar<br \/>\nNa tarde de ontem (30\/07) a s\u00e9rie Todo mundo odeia o Chris ficou com 6 pontos de m\u00e9dia, 8 de pico e 13% de share. O hor\u00e1rio de exibi\u00e7\u00e3o da atra\u00e7\u00e3o foi das 14h40 \u00e0s 15h49 e neste hor\u00e1rio a Record ficou isolada em segundo lugar de audi\u00eancia. Todo mundo odeia o Chris est\u00e1 em sua quarta temporada na Record.<\/p>\n<p>Geraldo Brasil em segundo lugar isolado<\/p>\n<p>Na tarde de ontem, quinta-feira, o programa Geraldo Brasil ficou, mais uma vez, em segundo lugar isolado na m\u00e9dia de audi\u00eancia. Na faixa das 15h59 \u00e0s 18h39, a atra\u00e7\u00e3o apresentada por Geraldo Luis ficou com 6 pontos de m\u00e9dia, pico de 8 e share de 12%. Destaque para a participa\u00e7\u00e3o de Gretchen no quadro Cara a Cara.<\/p>\n<p>SP Record registra 10 pontos e conquista o segundo lugar isolado<br \/>\nO telejornal exibido na noite desta quinta-feira (30\/07) registrou excelentes n\u00fameros e conquistou o segundo lugar isolado no ranking de audi\u00eancias. O telejornal apresentado por Reinaldo Gottino, que foi ao ar das 18h39 \u00e0s 19h50, registrou 8 pontos de m\u00e9dia, 12% de share e 10 pontos de pico.<\/p>\n<p>Poder Paralelo na vice-lideran\u00e7a<\/p>\n<p>Na noite desta quinta-feira, a novela Poder Poder Paralelo, de autoria de Lauro Cesar Muniz e dire\u00e7\u00e3o de Ign\u00e1cio Coqueiro, ficou em segundo lugar isolado. Na faixa das 21h55 \u00e0s 22h51, a trama registrou 10 pontos de m\u00e9dia, pico de 14 e share de 15%.<\/p>\n<p>Louca Fam\u00edlia alcan\u00e7a pico de 16 pontos<br \/>\nNesta quinta-feira, o seriado Louca Fam\u00edlia garantiu o segundo lugar isolado de audi\u00eancia para a emissora, com 9 pontos de m\u00e9dia, pico de 16 e share de 22% em sua faixa de exibi\u00e7\u00e3o, das 00h05 \u00e0s 00h55. A atra\u00e7\u00e3o alcan\u00e7ou pela segunda vez o share de 22%.<\/p>\n<p>\u00a0<\/p>\n<p>\u00a0<\/p>\n<p>Fonte: Ibope MW GSP dados domiciliares (Os \u00edndices apresentados s\u00e3o n\u00fameros consolidados, destacando o patamar de audi\u00eancia sem casa decimal).<\/p>\n","protected":false},"excerpt":{"rendered":"<p>A Fazenda da Rede Record registra melhor m\u00e9dia de Audi\u00eancia \u00e0s quintas-feiras. O programa A Fazenda exibido ontem (30\/07), na faixa das 22h51 \u00e0 00h15, garantiu o segundo lugar isolado no ranking das audi\u00eancias com 17 pontos de m\u00e9dia, 19 de pico e 30% de share. Esta foi a maior m\u00e9dia que o programa A [&hellip;]<\/p>\n","protected":false},"author":3,"featured_media":0,"comment_status":"open","ping_status":"open","sticky":false,"template":"","format":"standard","meta":{"tdm_status":"","tdm_grid_status":"","footnotes":""},"categories":[22,343],"tags":[],"class_list":{"0":"post-7150","1":"post","2":"type-post","3":"status-publish","4":"format-standard","6":"category-brasil","7":"category-televisao"},"_links":{"self":[{"href":"https:\/\/migracao.redenoticia.com.br\/noticia\/wp-json\/wp\/v2\/posts\/7150","targetHints":{"allow":["GET"]}}],"collection":[{"href":"https:\/\/migracao.redenoticia.com.br\/noticia\/wp-json\/wp\/v2\/posts"}],"about":[{"href":"https:\/\/migracao.redenoticia.com.br\/noticia\/wp-json\/wp\/v2\/types\/post"}],"author":[{"embeddable":true,"href":"https:\/\/migracao.redenoticia.com.br\/noticia\/wp-json\/wp\/v2\/users\/3"}],"replies":[{"embeddable":true,"href":"https:\/\/migracao.redenoticia.com.br\/noticia\/wp-json\/wp\/v2\/comments?post=7150"}],"version-history":[{"count":0,"href":"https:\/\/migracao.redenoticia.com.br\/noticia\/wp-json\/wp\/v2\/posts\/7150\/revisions"}],"wp:attachment":[{"href":"https:\/\/migracao.redenoticia.com.br\/noticia\/wp-json\/wp\/v2\/media?parent=7150"}],"wp:term":[{"taxonomy":"category","embeddable":true,"href":"https:\/\/migracao.redenoticia.com.br\/noticia\/wp-json\/wp\/v2\/categories?post=7150"},{"taxonomy":"post_tag","embeddable":true,"href":"https:\/\/migracao.redenoticia.com.br\/noticia\/wp-json\/wp\/v2\/tags?post=7150"}],"curies":[{"name":"wp","href":"https:\/\/api.w.org\/{rel}","templated":true}]}}