{"id":7152,"date":"2009-07-31T13:44:45","date_gmt":"2009-07-31T17:44:45","guid":{"rendered":"http:\/\/www.redenoticia.com.br\/noticia\/?p=7152"},"modified":"2009-07-31T13:49:03","modified_gmt":"2009-07-31T17:49:03","slug":"semas-ji-parana-participa-do-seminario-de-direitos-humanos-a-alimentacao","status":"publish","type":"post","link":"https:\/\/migracao.redenoticia.com.br\/noticia\/2009\/semas-ji-parana-participa-do-seminario-de-direitos-humanos-a-alimentacao\/7152","title":{"rendered":"SEMAS Ji-Paran\u00e1 participa do Semin\u00e1rio de Direitos Humanos \u00e0 Alimenta\u00e7\u00e3o"},"content":{"rendered":"<p><span style=\"font-family: Arial;\">Com objetivo de aprimorar t\u00e9cnicas de trabalho na \u00e1rea da assist\u00eancia social no munic\u00edpio, a Secret\u00e1ria de A\u00e7\u00e3o Social (SEMAS) de Ji-Paran\u00e1, S\u00f4nia Reigota, participou esta semana, durante dois dias, quinta e sexta-feira, em Porto Velho, do 1\u00b0 Semin\u00e1rio de Direitos Humanos \u00e0 Alimenta\u00e7\u00e3o Adequada. Cerca de 200 pessoas, entre secret\u00e1rios municipais, conselheiros de sa\u00fade e representantes da Emater, prestigiaram o evento realizado pela Secretaria de Estado de Assist\u00eancia Social.\u00a0<\/span><\/p>\n<p><span style=\"font-family: Arial;\">Recentemente a secret\u00e1ria da SEAS Rond\u00f4nia, T\u00e2nia Pires, recebeu em seu gabinete Denis Ba\u00fa, presidente do Sistema Ind\u00fastria, do qual faz parte o Sesi, para tra\u00e7ar as diretrizes que v\u00e3o nortear a iniciativa, que visa garantir a popula\u00e7\u00e3o rondoniense uma alimenta\u00e7\u00e3o saud\u00e1vel. \u201cNossa meta \u00e9 garantir educa\u00e7\u00e3o alimentar\u201d, adiantou a secretaria de Assist\u00eancia Social.<\/span><\/p>\n<p><span style=\"font-family: Arial;\">Segundo ela, ser\u00e3o realizadas, capacita\u00e7\u00f5es para agentes multiplicadores e membros de fam\u00edlias cadastradas nos Centros de Refer\u00eancia de Assist\u00eancia Social (Cras), unidade ligada \u00e0 Secretaria de Assist\u00eancia Social de cada munic\u00edpio com o objetivo de atender pessoas em risco e vulnerabilidade social.<\/span><\/p>\n<p><span style=\"font-family: Arial;\">De acordo com Denis Ba\u00fa, o projeto que ser\u00e1 lan\u00e7ado pela Seas e executado pelo Sesi tem como meta beneficiar os 52 munic\u00edpios rondonienses. \u201cAs capacita\u00e7\u00f5es ser\u00e3o ministradas nos munic\u00edpios p\u00f3los para os multiplicadores disseminarem o conhecimento para as demais cidades\u201d, esclareceu o executivo, ressaltando que o conte\u00fado program\u00e1tico contempla informa\u00e7\u00f5es sobre alimenta\u00e7\u00e3o saud\u00e1vel como, por exemplo, armazenamento e data de validade dos alimentos.<\/span><\/p>\n","protected":false},"excerpt":{"rendered":"<p>Com objetivo de aprimorar t\u00e9cnicas de trabalho na \u00e1rea da assist\u00eancia social no munic\u00edpio, a Secret\u00e1ria de A\u00e7\u00e3o Social (SEMAS) de Ji-Paran\u00e1, S\u00f4nia Reigota, participou esta semana, durante dois dias, quinta e sexta-feira, em Porto Velho, do 1\u00b0 Semin\u00e1rio de Direitos Humanos \u00e0 Alimenta\u00e7\u00e3o Adequada. Cerca de 200 pessoas, entre secret\u00e1rios municipais, conselheiros de sa\u00fade [&hellip;]<\/p>\n","protected":false},"author":3,"featured_media":0,"comment_status":"open","ping_status":"open","sticky":false,"template":"","format":"standard","meta":{"tdm_status":"","tdm_grid_status":"","footnotes":""},"categories":[22],"tags":[],"class_list":{"0":"post-7152","1":"post","2":"type-post","3":"status-publish","4":"format-standard","6":"category-brasil"},"_links":{"self":[{"href":"https:\/\/migracao.redenoticia.com.br\/noticia\/wp-json\/wp\/v2\/posts\/7152","targetHints":{"allow":["GET"]}}],"collection":[{"href":"https:\/\/migracao.redenoticia.com.br\/noticia\/wp-json\/wp\/v2\/posts"}],"about":[{"href":"https:\/\/migracao.redenoticia.com.br\/noticia\/wp-json\/wp\/v2\/types\/post"}],"author":[{"embeddable":true,"href":"https:\/\/migracao.redenoticia.com.br\/noticia\/wp-json\/wp\/v2\/users\/3"}],"replies":[{"embeddable":true,"href":"https:\/\/migracao.redenoticia.com.br\/noticia\/wp-json\/wp\/v2\/comments?post=7152"}],"version-history":[{"count":0,"href":"https:\/\/migracao.redenoticia.com.br\/noticia\/wp-json\/wp\/v2\/posts\/7152\/revisions"}],"wp:attachment":[{"href":"https:\/\/migracao.redenoticia.com.br\/noticia\/wp-json\/wp\/v2\/media?parent=7152"}],"wp:term":[{"taxonomy":"category","embeddable":true,"href":"https:\/\/migracao.redenoticia.com.br\/noticia\/wp-json\/wp\/v2\/categories?post=7152"},{"taxonomy":"post_tag","embeddable":true,"href":"https:\/\/migracao.redenoticia.com.br\/noticia\/wp-json\/wp\/v2\/tags?post=7152"}],"curies":[{"name":"wp","href":"https:\/\/api.w.org\/{rel}","templated":true}]}}