{"id":7161,"date":"2009-07-31T14:18:17","date_gmt":"2009-07-31T18:18:17","guid":{"rendered":"http:\/\/www.redenoticia.com.br\/noticia\/?p=7161"},"modified":"2009-07-31T14:18:17","modified_gmt":"2009-07-31T18:18:17","slug":"brasil-pode-ceder-copa-america-2015-ao-chile","status":"publish","type":"post","link":"https:\/\/migracao.redenoticia.com.br\/noticia\/2009\/brasil-pode-ceder-copa-america-2015-ao-chile\/7161","title":{"rendered":"Brasil pode ceder copa am\u00e9rica 2015 ao Chile"},"content":{"rendered":"<p>Afirma\u00e7\u00e3o foi resposta a pedido da presidente chilena, Michelle Bachelet, em encontro bilateral realizado na Fiesp. O presidente Luiz In\u00e1cio Lula da Silva se comprometeu, nesta quinta-feira (30), a conversar com os dirigentes do futebol brasileiro para que o Pa\u00eds ceda a Copa Am\u00e9rica de 2015 ao Chile.<\/p>\n<p>&#8220;\u00c9 uma proposta vi\u00e1vel. O Chile tem o direito de contribuir na organiza\u00e7\u00e3o de eventos esportivos&#8221;, afirmou Lula.\u00a0De acordo com Lula, o Brasil vai entrar em um per\u00edodo de &#8220;overdose&#8221; esportiva a partir de 2013, quando recebe a Copa das Confedera\u00e7\u00f5es. Em 2014 ser\u00e1 a vez da Copa do Mundo. O Pa\u00eds concorre mais uma vez \u00e0s Olimp\u00edadas (2016).<\/p>\n<p>A afirma\u00e7\u00e3o foi uma resposta ao pedido feito pela presidente chilena, Michelle Bachelet, durante encontro bilateral realizado na Federa\u00e7\u00e3o das Ind\u00fastrias do Estado de S\u00e3o Paulo (Fiesp).<\/p>\n<p>Bachet se mostrou confiante com a possibilidade de seu pa\u00eds sediar a competi\u00e7\u00e3o esportiva latino-americana. &#8220;Seria uma forma justa de distribui\u00e7\u00e3o [das competi\u00e7\u00f5es no continente]. Queremos os brasileiros em massa no Chile em 2015&#8221;, sugeriu.<\/p>\n<p>Como contrapartida, Lula sugeriu uma troca: o Chile cederia a Copa Am\u00e9rica de 2019 ao Brasil.<\/p>\n","protected":false},"excerpt":{"rendered":"<p>Afirma\u00e7\u00e3o foi resposta a pedido da presidente chilena, Michelle Bachelet, em encontro bilateral realizado na Fiesp. O presidente Luiz In\u00e1cio Lula da Silva se comprometeu, nesta quinta-feira (30), a conversar com os dirigentes do futebol brasileiro para que o Pa\u00eds ceda a Copa Am\u00e9rica de 2015 ao Chile. &#8220;\u00c9 uma proposta vi\u00e1vel. O Chile tem [&hellip;]<\/p>\n","protected":false},"author":3,"featured_media":0,"comment_status":"open","ping_status":"open","sticky":false,"template":"","format":"standard","meta":{"tdm_status":"","tdm_grid_status":"","footnotes":""},"categories":[22],"tags":[],"class_list":{"0":"post-7161","1":"post","2":"type-post","3":"status-publish","4":"format-standard","6":"category-brasil"},"_links":{"self":[{"href":"https:\/\/migracao.redenoticia.com.br\/noticia\/wp-json\/wp\/v2\/posts\/7161","targetHints":{"allow":["GET"]}}],"collection":[{"href":"https:\/\/migracao.redenoticia.com.br\/noticia\/wp-json\/wp\/v2\/posts"}],"about":[{"href":"https:\/\/migracao.redenoticia.com.br\/noticia\/wp-json\/wp\/v2\/types\/post"}],"author":[{"embeddable":true,"href":"https:\/\/migracao.redenoticia.com.br\/noticia\/wp-json\/wp\/v2\/users\/3"}],"replies":[{"embeddable":true,"href":"https:\/\/migracao.redenoticia.com.br\/noticia\/wp-json\/wp\/v2\/comments?post=7161"}],"version-history":[{"count":0,"href":"https:\/\/migracao.redenoticia.com.br\/noticia\/wp-json\/wp\/v2\/posts\/7161\/revisions"}],"wp:attachment":[{"href":"https:\/\/migracao.redenoticia.com.br\/noticia\/wp-json\/wp\/v2\/media?parent=7161"}],"wp:term":[{"taxonomy":"category","embeddable":true,"href":"https:\/\/migracao.redenoticia.com.br\/noticia\/wp-json\/wp\/v2\/categories?post=7161"},{"taxonomy":"post_tag","embeddable":true,"href":"https:\/\/migracao.redenoticia.com.br\/noticia\/wp-json\/wp\/v2\/tags?post=7161"}],"curies":[{"name":"wp","href":"https:\/\/api.w.org\/{rel}","templated":true}]}}