{"id":7166,"date":"2009-07-31T14:47:22","date_gmt":"2009-07-31T18:47:22","guid":{"rendered":"http:\/\/www.redenoticia.com.br\/noticia\/?p=7166"},"modified":"2009-07-31T14:47:22","modified_gmt":"2009-07-31T18:47:22","slug":"recadastramento-imobiliario-em-ji-parana-trara-benfeitorias-ao-municipio","status":"publish","type":"post","link":"https:\/\/migracao.redenoticia.com.br\/noticia\/2009\/recadastramento-imobiliario-em-ji-parana-trara-benfeitorias-ao-municipio\/7166","title":{"rendered":"Recadastramento imobili\u00e1rio em Ji-Paran\u00e1 trar\u00e1 benfeitorias ao munic\u00edpio"},"content":{"rendered":"<p>A Prefeitura de Ji-Paran\u00e1\u00a0 est\u00e1\u00a0realizando um recadastramento imobili\u00e1rio e comercial, como tamb\u00e9m o cadastro dos empreendedores individuais, com objetivo de corrigir algumas injusti\u00e7as fiscais no munic\u00edpio e aumentar a arrecada\u00e7\u00e3o de impostos, para que esses recursos sejam investidos em melhorias, beneficiando os cidad\u00e3os ji-paranaenses.<\/p>\n<p>De acordo com informa\u00e7\u00f5es do Secret\u00e1rio Municipal de Fazenda, Washington Roberto do Nascimento, esses dados necessitam ser atualizados com urg\u00eancia.<\/p>\n<p>\u201cO munic\u00edpio tem perdido em v\u00e1rios aspectos com as falta de uma atualiza\u00e7\u00e3o desses dados. Atualmente s\u00f3 conseguimos receber cerca de 30% do IPTU lan\u00e7ado, temos \u00e1reas da prefeitura ocupadas irregularmente, sem falar de outras \u00e1reas que n\u00e3o em nenhum tipo de registro. Tudo isso \u00e9 recurso que deixa de entrar nos cofres p\u00fablicos\u201d, comentou.<\/p>\n<p>O recadastramento foi iniciado no \u00faltimo dia 1\u00b0\u00a0de julho, est\u00e3o sendo realizadas visitas aos im\u00f3veis por servidores municipais que atualizam dados e notificam irregularidades. A equipe da prefeitura est\u00e1 trabalhando devidamente identificada com crach\u00e1, camiseta e bon\u00e9 da prefeitura. No bairro onde estar\u00e3o atuando haver\u00e1 sempre uma viatura municipal identificada com a logomarca da prefeitura e um carro de som comunicando a realiza\u00e7\u00e3o do trabalho.<\/p>\n<p>Washington solicita \u00e0\u00a0popula\u00e7\u00e3o que receba bem estes servidores, pois este \u00e9\u00a0 um dos maiores problemas enfrentados pela equipe de recadastramento.<\/p>\n<p><strong>\u00c1reas municipais<\/strong><\/p>\n<p>Cerca de cinco mil lotes pertencentes \u00e0 prefeitura estar\u00e3o sendo identificados e se estiverem ocupados irregularmente, a Secretaria Municipal de Fazenda estar\u00e1 solicitando que o cidad\u00e3o apresente documenta\u00e7\u00e3o que prove a posse do mesmo. Caso contr\u00e1rio, a \u00e1rea ser\u00e1 reintegrada ao munic\u00edpio.<\/p>\n<p>\u201cPrecisamos atender a alguns programas sociais como \u00e9 o caso do \u2018Minha Casa, Minha Vida\u2019, e n\u00e3o estamos podendo no momento, pois n\u00e3o temos a posse dessas \u00e1reas. Este \u00e9 mais um dos motivos da necessidade desta regulariza\u00e7\u00e3o\u201d, explicou o secret\u00e1rio.<\/p>\n<p>J\u00e1\u00a0a partir da pr\u00f3xima semana, 50 lotes municipais estar\u00e3o sendo identificados com placas da Prefeitura Municipal.<\/p>\n<p><strong>Empreendedores individuais<\/strong><\/p>\n<p>Outro benef\u00edcio para a popula\u00e7\u00e3o quanto ao recadastramento \u00e9\u00a0que estar\u00e1\u00a0sendo realizado um levantamento quanto \u00e0\u00a0popula\u00e7\u00e3o que atualmente trabalha na informalidade, como \u00e9 o caso\u00a0de costureiras e doceiras, que, quando necessitam, n\u00e3o podem recorrer a benef\u00edcios governamentais. \u201cSer\u00e1 uma grande oportunidade para que esses trabalhadores se regularizem. Eles poder\u00e3o emitir nota fiscal, ter firma reconhecida legalmente e dispor de linhas de cr\u00e9dito j\u00e1 existentes, como tamb\u00e9m utilizar os benef\u00edcios da seguridade social\u201d, disse o secret\u00e1rio, ressaltando que esta regulariza\u00e7\u00e3o \u00e9 um projeto que ser\u00e1 desenvolvido em conjunto com o Sebrae e Banco do Brasil.<\/p>\n<p><strong>IPTU<\/strong><\/p>\n<p>Ainda segundo Washington, ao final do recadastramento, que est\u00e1\u00a0previsto para dezembro deste ano, o poder p\u00fablico poder\u00e1\u00a0cobrar o IPTU de forma justa, como tamb\u00e9m a taxa de coleta de lixo, e dever\u00e1, pelo menos, com a atualiza\u00e7\u00e3o de endere\u00e7os e novos cadastros de \u00e1reas, dobrar a arrecada\u00e7\u00e3o municipal.<\/p>\n","protected":false},"excerpt":{"rendered":"<p>A Prefeitura de Ji-Paran\u00e1\u00a0 est\u00e1\u00a0realizando um recadastramento imobili\u00e1rio e comercial, como tamb\u00e9m o cadastro dos empreendedores individuais, com objetivo de corrigir algumas injusti\u00e7as fiscais no munic\u00edpio e aumentar a arrecada\u00e7\u00e3o de impostos, para que esses recursos sejam investidos em melhorias, beneficiando os cidad\u00e3os ji-paranaenses. De acordo com informa\u00e7\u00f5es do Secret\u00e1rio Municipal de Fazenda, Washington Roberto [&hellip;]<\/p>\n","protected":false},"author":2,"featured_media":0,"comment_status":"open","ping_status":"open","sticky":false,"template":"","format":"standard","meta":{"tdm_status":"","tdm_grid_status":"","footnotes":""},"categories":[22],"tags":[],"class_list":{"0":"post-7166","1":"post","2":"type-post","3":"status-publish","4":"format-standard","6":"category-brasil"},"_links":{"self":[{"href":"https:\/\/migracao.redenoticia.com.br\/noticia\/wp-json\/wp\/v2\/posts\/7166","targetHints":{"allow":["GET"]}}],"collection":[{"href":"https:\/\/migracao.redenoticia.com.br\/noticia\/wp-json\/wp\/v2\/posts"}],"about":[{"href":"https:\/\/migracao.redenoticia.com.br\/noticia\/wp-json\/wp\/v2\/types\/post"}],"author":[{"embeddable":true,"href":"https:\/\/migracao.redenoticia.com.br\/noticia\/wp-json\/wp\/v2\/users\/2"}],"replies":[{"embeddable":true,"href":"https:\/\/migracao.redenoticia.com.br\/noticia\/wp-json\/wp\/v2\/comments?post=7166"}],"version-history":[{"count":0,"href":"https:\/\/migracao.redenoticia.com.br\/noticia\/wp-json\/wp\/v2\/posts\/7166\/revisions"}],"wp:attachment":[{"href":"https:\/\/migracao.redenoticia.com.br\/noticia\/wp-json\/wp\/v2\/media?parent=7166"}],"wp:term":[{"taxonomy":"category","embeddable":true,"href":"https:\/\/migracao.redenoticia.com.br\/noticia\/wp-json\/wp\/v2\/categories?post=7166"},{"taxonomy":"post_tag","embeddable":true,"href":"https:\/\/migracao.redenoticia.com.br\/noticia\/wp-json\/wp\/v2\/tags?post=7166"}],"curies":[{"name":"wp","href":"https:\/\/api.w.org\/{rel}","templated":true}]}}