{"id":71947,"date":"2015-06-29T12:54:18","date_gmt":"2015-06-29T15:54:18","guid":{"rendered":"http:\/\/www.redenoticia.com.br\/noticia\/?p=71947"},"modified":"2015-06-29T12:54:18","modified_gmt":"2015-06-29T15:54:18","slug":"cursos-mais-concorridos-do-vestibular-fatec","status":"publish","type":"post","link":"https:\/\/migracao.redenoticia.com.br\/noticia\/2015\/cursos-mais-concorridos-do-vestibular-fatec\/71947","title":{"rendered":"Cursos mais concorridos do Vestibular Fatec"},"content":{"rendered":"<p>Mais de 55 mil inscritos tentar\u00e3o uma das 15.325 vagas do <em><strong>Vestibular Fatec<\/strong><\/em> para o segundo semestre de 2015. Mais uma vez, o curso superior tecnol\u00f3gico de An\u00e1lise e Desenvolvimento de Sistemas (ADS) aparece com destaque entre os mais procurados no processo seletivo das Faculdades de Tecnologia do Estado de S\u00e3o Paulo.<\/p>\n<p>O maior \u00edndice de candidatos por vaga \u00e9 da Fatec Carapicu\u00edba: 12,73. O curso de ADS das Fatecs Zona Leste, S\u00e3o Paulo (ambas na capital) e Ribeir\u00e3o Preto, que inicia suas atividades em agosto, tamb\u00e9m est\u00e1 entre os dez mais concorridos.<\/p>\n<p>Tr\u00eas cursos do eixo Gest\u00e3o de Neg\u00f3cios integram a rela\u00e7\u00e3o: Gest\u00e3o de Neg\u00f3cios e Inova\u00e7\u00e3o (11,49 c\/v) e Marketing (11,14 c\/v), ambos na Fatec Sebrae, e Com\u00e9rcio Exterior (10,35 c\/v) na Fatec Barueri. O curso de gradua\u00e7\u00e3o tecnol\u00f3gica de Automa\u00e7\u00e3o Industrial, oferecido nas Fatecs Itaquera (10,70 c\/v) e S\u00e3o Bernardo do Campo (10,45 c\/v), complementa a lista.<\/p>\n<p>A demanda por curso e unidade est\u00e1 dispon\u00edvel no .<\/p>\n<p>Do Portal do Governo do Estado<\/p>\n","protected":false},"excerpt":{"rendered":"<p>Mais de 55 mil inscritos tentar\u00e3o uma das 15.325 vagas do Vestibular Fatec para o segundo semestre de 2015. Mais uma vez, o curso superior tecnol\u00f3gico de An\u00e1lise e Desenvolvimento de Sistemas (ADS) aparece com destaque entre os mais procurados no processo seletivo das Faculdades de Tecnologia do Estado de S\u00e3o Paulo. O maior \u00edndice [&hellip;]<\/p>\n","protected":false},"author":2,"featured_media":36244,"comment_status":"open","ping_status":"closed","sticky":false,"template":"","format":"standard","meta":{"tdm_status":"","tdm_grid_status":"","footnotes":""},"categories":[22,370,295],"tags":[],"class_list":{"0":"post-71947","1":"post","2":"type-post","3":"status-publish","4":"format-standard","5":"has-post-thumbnail","7":"category-brasil","8":"category-inscricao","9":"category-vestibular"},"_links":{"self":[{"href":"https:\/\/migracao.redenoticia.com.br\/noticia\/wp-json\/wp\/v2\/posts\/71947","targetHints":{"allow":["GET"]}}],"collection":[{"href":"https:\/\/migracao.redenoticia.com.br\/noticia\/wp-json\/wp\/v2\/posts"}],"about":[{"href":"https:\/\/migracao.redenoticia.com.br\/noticia\/wp-json\/wp\/v2\/types\/post"}],"author":[{"embeddable":true,"href":"https:\/\/migracao.redenoticia.com.br\/noticia\/wp-json\/wp\/v2\/users\/2"}],"replies":[{"embeddable":true,"href":"https:\/\/migracao.redenoticia.com.br\/noticia\/wp-json\/wp\/v2\/comments?post=71947"}],"version-history":[{"count":0,"href":"https:\/\/migracao.redenoticia.com.br\/noticia\/wp-json\/wp\/v2\/posts\/71947\/revisions"}],"wp:featuredmedia":[{"embeddable":true,"href":"https:\/\/migracao.redenoticia.com.br\/noticia\/wp-json\/wp\/v2\/media\/36244"}],"wp:attachment":[{"href":"https:\/\/migracao.redenoticia.com.br\/noticia\/wp-json\/wp\/v2\/media?parent=71947"}],"wp:term":[{"taxonomy":"category","embeddable":true,"href":"https:\/\/migracao.redenoticia.com.br\/noticia\/wp-json\/wp\/v2\/categories?post=71947"},{"taxonomy":"post_tag","embeddable":true,"href":"https:\/\/migracao.redenoticia.com.br\/noticia\/wp-json\/wp\/v2\/tags?post=71947"}],"curies":[{"name":"wp","href":"https:\/\/api.w.org\/{rel}","templated":true}]}}