{"id":720,"date":"2009-04-20T16:29:48","date_gmt":"2009-04-20T20:29:48","guid":{"rendered":"http:\/\/www.redenoticia.com.br\/noticia\/2009\/04\/parceria-para-desenvolver-o-artesanato-rondoniense\/"},"modified":"2009-04-20T16:29:48","modified_gmt":"2009-04-20T20:29:48","slug":"parceria-para-desenvolver-o-artesanato-rondoniense","status":"publish","type":"post","link":"https:\/\/migracao.redenoticia.com.br\/noticia\/2009\/parceria-para-desenvolver-o-artesanato-rondoniense\/720","title":{"rendered":"Parceria para desenvolver o artesanato rondoniense"},"content":{"rendered":"<p><a href=\"http:\/\/www.agenciabrasil.gov.br\/media\/imagens\/2008\/06\/21\/0930RP0039.jpg\/view\"><img loading=\"lazy\" decoding=\"async\" title=\"Campina Grande (PB) - O Sal\u00e3o do Artesanato \u00e9 uma das atra\u00e7\u00f5es da \u00e9poca de festas juninas na cidade. Cerca de 4,3 mil artes\u00e3os lotam o espa\u00e7o de 3,2 mil metros quadrados e aproveitam o per\u00edodo para lucrar  Foto: Roosewelt Pinheiro\/ABr\" style=\"display: inline; margin: 0px 30px 15px 0px\" height=\"256\" alt=\"Campina Grande (PB) - O Sal\u00e3o do Artesanato \u00e9 uma das atra\u00e7\u00f5es da \u00e9poca de festas juninas na cidade. Cerca de 4,3 mil artes\u00e3os lotam o espa\u00e7o de 3,2 mil metros quadrados e aproveitam o per\u00edodo para lucrar  Foto: Roosewelt Pinheiro\/ABr\" src=\"http:\/\/stream.agenciabrasil.gov.br\/media\/imagens\/2008\/06\/21\/0930RP0039.image_media_vertical.jpg\" width=\"172\" align=\"left\" \/><\/a>Em uma a\u00e7\u00e3o in\u00e9dita em Rond\u00f4nia o Governo do Estado, atrav\u00e9s da Secel \u2013 Secretaria de Cultura, Esportes e Lazer \u2013 firmou uma parceria com o Minist\u00e9rio do Desenvolvimento do Com\u00e9rcio Exterior para desenvolver a produ\u00e7\u00e3o do artesanato rondoniense. <\/p>\n<p><img loading=\"lazy\" decoding=\"async\" height=\"1\" src=\"http:\/\/www.rondonia.ro.gov.br\/imagens-site\/spacer.gif\" width=\"1\" \/><\/p>\n<p>Na \u00faltima semana a coordenadora estadual do PAB \u2013 Programa do Artesanato Brasileiro \u2013 Maria Dalvani de Souza, esteve em Bras\u00edlia para assinar a parceria e conhecer como deve ser realizado o projeto em Rond\u00f4nia. \u201cO BNDES apresentou uma proposta para dar visibilidade \u00e0 produ\u00e7\u00e3o do artesanato local. Atrav\u00e9s de exposi\u00e7\u00e3o de fotos da produ\u00e7\u00e3o artesanal do estado no site <a href=\"http:\/\/www.bndes.gov\">www.bndes.gov<\/a>&#160; o Banco vai estimular a comercializa\u00e7\u00e3o das pe\u00e7as com disponibilidade de financiamentos. Essa a\u00e7\u00e3o vai proporcionar distribui\u00e7\u00e3o de renda e maior lucro entre os artes\u00e3os do estado\u201d, destaca Juc\u00e9lis Freitas, secret\u00e1rio da Secel. <\/p>\n<p>\u201c\u00c9 muito importante lembrar os artes\u00e3os que, para participar do programa, \u00e9 preciso fazer parte de alguma associa\u00e7\u00e3o ou cooperativa e tamb\u00e9m preencher um cadastro na Gerencia de Cultura na sede da Secel. Vamos fazer um cart\u00e3o nacional do artes\u00e3o e enviar fotos do artesanato produzido em Rond\u00f4nia para ser divulgado pelo BNDES no site e mostrar nossas pe\u00e7as entre as empresas interessadas\u201d, complementa Dalvani Souza. <\/p>\n<p>Al\u00e9m de Rond\u00f4nia participa\u00e7\u00e3o do programa, os estados do Acre, Para\u00edba, Pernambuco e Cear\u00e1.<\/p>\n<p>Fonte: A\/I SECEL &#8211; Secretaria da Cultura, Esportes e Lazer<\/p>\n<\/p>\n<p>Foto: Roosewelt Pinheiro\/ABr<\/p>\n","protected":false},"excerpt":{"rendered":"<p>Em uma a\u00e7\u00e3o in\u00e9dita em Rond\u00f4nia o Governo do Estado, atrav\u00e9s da Secel \u2013 Secretaria de Cultura, Esportes e Lazer \u2013 firmou uma parceria com o Minist\u00e9rio do Desenvolvimento do Com\u00e9rcio Exterior para desenvolver a produ\u00e7\u00e3o do artesanato rondoniense. Na \u00faltima semana a coordenadora estadual do PAB \u2013 Programa do Artesanato Brasileiro \u2013 Maria Dalvani [&hellip;]<\/p>\n","protected":false},"author":2,"featured_media":0,"comment_status":"open","ping_status":"open","sticky":false,"template":"","format":"standard","meta":{"tdm_status":"","tdm_grid_status":"","footnotes":""},"categories":[22],"tags":[],"class_list":{"0":"post-720","1":"post","2":"type-post","3":"status-publish","4":"format-standard","6":"category-brasil"},"_links":{"self":[{"href":"https:\/\/migracao.redenoticia.com.br\/noticia\/wp-json\/wp\/v2\/posts\/720","targetHints":{"allow":["GET"]}}],"collection":[{"href":"https:\/\/migracao.redenoticia.com.br\/noticia\/wp-json\/wp\/v2\/posts"}],"about":[{"href":"https:\/\/migracao.redenoticia.com.br\/noticia\/wp-json\/wp\/v2\/types\/post"}],"author":[{"embeddable":true,"href":"https:\/\/migracao.redenoticia.com.br\/noticia\/wp-json\/wp\/v2\/users\/2"}],"replies":[{"embeddable":true,"href":"https:\/\/migracao.redenoticia.com.br\/noticia\/wp-json\/wp\/v2\/comments?post=720"}],"version-history":[{"count":0,"href":"https:\/\/migracao.redenoticia.com.br\/noticia\/wp-json\/wp\/v2\/posts\/720\/revisions"}],"wp:attachment":[{"href":"https:\/\/migracao.redenoticia.com.br\/noticia\/wp-json\/wp\/v2\/media?parent=720"}],"wp:term":[{"taxonomy":"category","embeddable":true,"href":"https:\/\/migracao.redenoticia.com.br\/noticia\/wp-json\/wp\/v2\/categories?post=720"},{"taxonomy":"post_tag","embeddable":true,"href":"https:\/\/migracao.redenoticia.com.br\/noticia\/wp-json\/wp\/v2\/tags?post=720"}],"curies":[{"name":"wp","href":"https:\/\/api.w.org\/{rel}","templated":true}]}}