{"id":72001,"date":"2015-06-30T18:17:48","date_gmt":"2015-06-30T21:17:48","guid":{"rendered":"http:\/\/www.redenoticia.com.br\/noticia\/?p=72001"},"modified":"2015-06-30T18:17:48","modified_gmt":"2015-06-30T21:17:48","slug":"mec-prorroga-ate-20-de-julho-prazo-para-renovar-contratos-do-fies","status":"publish","type":"post","link":"https:\/\/migracao.redenoticia.com.br\/noticia\/2015\/mec-prorroga-ate-20-de-julho-prazo-para-renovar-contratos-do-fies\/72001","title":{"rendered":"MEC prorroga at\u00e9 20 de julho prazo para renovar contratos do Fies"},"content":{"rendered":"<p>O Minist\u00e9rio da Educa\u00e7\u00e3o (MEC) prorrogou o prazo para a renova\u00e7\u00e3o dos contratos do Fundo de Financiamento Estudantil (<strong><em>Fies<\/em><\/strong>) at\u00e9 o dia 20 de julho.<\/p>\n<p>A portaria com a amplia\u00e7\u00e3o do prazo foi publicada no Di\u00e1rio Oficial da Uni\u00e3o. As renova\u00e7\u00f5es devem ser feitas por meio do Sistema Informatizado do Fies (), tamb\u00e9m dispon\u00edvel nas p\u00e1ginas do Minist\u00e9rio da Educa\u00e7\u00e3o e do Fundo Nacional de Desenvolvimento da Educa\u00e7\u00e3o.<\/p>\n<p>O Fies oferece financiamento das mensalidades de cursos em institui\u00e7\u00f5es privadas de ensino superior, com juros de 3,4% ao ano. O estudante come\u00e7a a quitar o financiamento 18 meses ap\u00f3s a conclus\u00e3o do curso.<\/p>\n<p>Da Ag\u00eancia Brasil<br \/>\nEdi\u00e7\u00e3o: Jos\u00e9 Romildo<\/p>\n<p>&#8212;<br \/>\nSisFIES &#8211; Sistema Informatizado do FIES<\/p>\n<p>Neste m\u00f3dulo do SisFIES, al\u00e9m da ades\u00e3o ao Fundo, as entidades mantenedoras podem atualizar dados cadastrais e financeiros, consultar saldo de CFT-E e extrato de repasse, efetuar o pagamento de tributos, emitir comprovante de pagamento, solicitar recompra de CFT-E e acompanhar as opera\u00e7\u00f5es afetas \u00e0s institui\u00e7\u00f5es de ensino superior mantidas (IES), dentre outras funcionalidades.<\/p>\n<p>Tamb\u00e9m no SisFIES, as IES podem cadastrar as CPSA e habilitar o acesso do seus membros, consultar e validar inscri\u00e7\u00e3o de estudante, solicitar e validar aditamento de contrato de financiamento, emitir documentos de regularidade de inscri\u00e7\u00e3o e de aditamento e acompanhar a legisla\u00e7\u00e3o do FIES.<\/p>\n","protected":false},"excerpt":{"rendered":"<p>O Minist\u00e9rio da Educa\u00e7\u00e3o (MEC) prorrogou o prazo para a renova\u00e7\u00e3o dos contratos do Fundo de Financiamento Estudantil (Fies) at\u00e9 o dia 20 de julho. A portaria com a amplia\u00e7\u00e3o do prazo foi publicada no Di\u00e1rio Oficial da Uni\u00e3o. As renova\u00e7\u00f5es devem ser feitas por meio do Sistema Informatizado do Fies (), tamb\u00e9m dispon\u00edvel nas [&hellip;]<\/p>\n","protected":false},"author":2,"featured_media":26465,"comment_status":"open","ping_status":"closed","sticky":false,"template":"","format":"standard","meta":{"tdm_status":"","tdm_grid_status":"","footnotes":""},"categories":[22,370,295],"tags":[],"class_list":{"0":"post-72001","1":"post","2":"type-post","3":"status-publish","4":"format-standard","5":"has-post-thumbnail","7":"category-brasil","8":"category-inscricao","9":"category-vestibular"},"_links":{"self":[{"href":"https:\/\/migracao.redenoticia.com.br\/noticia\/wp-json\/wp\/v2\/posts\/72001","targetHints":{"allow":["GET"]}}],"collection":[{"href":"https:\/\/migracao.redenoticia.com.br\/noticia\/wp-json\/wp\/v2\/posts"}],"about":[{"href":"https:\/\/migracao.redenoticia.com.br\/noticia\/wp-json\/wp\/v2\/types\/post"}],"author":[{"embeddable":true,"href":"https:\/\/migracao.redenoticia.com.br\/noticia\/wp-json\/wp\/v2\/users\/2"}],"replies":[{"embeddable":true,"href":"https:\/\/migracao.redenoticia.com.br\/noticia\/wp-json\/wp\/v2\/comments?post=72001"}],"version-history":[{"count":0,"href":"https:\/\/migracao.redenoticia.com.br\/noticia\/wp-json\/wp\/v2\/posts\/72001\/revisions"}],"wp:featuredmedia":[{"embeddable":true,"href":"https:\/\/migracao.redenoticia.com.br\/noticia\/wp-json\/wp\/v2\/media\/26465"}],"wp:attachment":[{"href":"https:\/\/migracao.redenoticia.com.br\/noticia\/wp-json\/wp\/v2\/media?parent=72001"}],"wp:term":[{"taxonomy":"category","embeddable":true,"href":"https:\/\/migracao.redenoticia.com.br\/noticia\/wp-json\/wp\/v2\/categories?post=72001"},{"taxonomy":"post_tag","embeddable":true,"href":"https:\/\/migracao.redenoticia.com.br\/noticia\/wp-json\/wp\/v2\/tags?post=72001"}],"curies":[{"name":"wp","href":"https:\/\/api.w.org\/{rel}","templated":true}]}}