{"id":7214,"date":"2009-08-01T09:18:55","date_gmt":"2009-08-01T13:18:55","guid":{"rendered":"http:\/\/www.redenoticia.com.br\/noticia\/?p=7214"},"modified":"2009-08-01T16:48:02","modified_gmt":"2009-08-01T20:48:02","slug":"blitz-educativa-em-ji-parana-mostra-a-importancia-de-respeitar-as-leis-do-transito","status":"publish","type":"post","link":"https:\/\/migracao.redenoticia.com.br\/noticia\/2009\/blitz-educativa-em-ji-parana-mostra-a-importancia-de-respeitar-as-leis-do-transito\/7214","title":{"rendered":"Blitz educativa em Ji-Paran\u00e1 mostra a import\u00e2ncia de respeitar as leis do tr\u00e2nsito"},"content":{"rendered":"<p><em>DETRAN e AABB Comunidade mostram a popula\u00e7\u00e3o que o comportamento adequado na hora de dirigir \u00e9\u00a0importante para a redu\u00e7\u00e3o de acidentes de tr\u00e2nsito<\/em><\/p>\n<p>As crian\u00e7as do projeto AABB Comunidade em parceria com o projeto de Educa\u00e7\u00e3o no Tr\u00e2nsito do DETRAN, \u2018Anjos do Tr\u00e2nsito\u2019 e Pol\u00edcia Militar (PM) participaram na manh\u00e3 de hoje (31) de uma blitz educativa no Centro de Ji-Paran\u00e1.<\/p>\n<p>Segundo o instrutor do \u2018Anjos do Tr\u00e2nsito\u2019, Ronne L\u00facio, o objetivo da blitz educativa \u00e9 conscientizar os cidad\u00e3os sobre a responsabilidade na condu\u00e7\u00e3o de ve\u00edculos, os perigos a que est\u00e3o expostos e ressaltar a import\u00e2ncia da educa\u00e7\u00e3o e seguran\u00e7a no tr\u00e2nsito. Durante a blitz foram entregues materiais did\u00e1ticos como panfletos contendo informa\u00e7\u00f5es importantes sobre o comportamento necess\u00e1rio para os condutores de autom\u00f3veis e motocicletas.<\/p>\n<p>As crian\u00e7as da AABB Comunidade participaram da blitz com apresenta\u00e7\u00f5es musicais e teatrais sobre como deve ser o comportamento no tr\u00e2nsito. Para a coordenadora pedag\u00f3gica do projeto, Suely Damasceno, \u00e9 importante a Associa\u00e7\u00e3o Atl\u00e9tica Banco do Brasil (AABB) ter parceiros, como o DETRAN. \u201cEm v\u00e1rios eventos educativos, o DETRAN tem incentivado as crian\u00e7as da AABB a participar de forma criativa, como tem sido as apresenta\u00e7\u00f5es teatrais e musicais\u201d, destacou.<\/p>\n<p>Dentre as atividades do projeto est\u00e3o esportes, recrea\u00e7\u00e3o, dan\u00e7a, canto, arte e o complemento educacional. O Programa atende cem crian\u00e7as em Ji-Paran\u00e1 e em todo o Pa\u00eds s\u00e3o beneficiadas 52 mil crian\u00e7as e adolescentes na faixa et\u00e1ria de 6 a 18 anos incompleta.<\/p>\n","protected":false},"excerpt":{"rendered":"<p>DETRAN e AABB Comunidade mostram a popula\u00e7\u00e3o que o comportamento adequado na hora de dirigir \u00e9\u00a0importante para a redu\u00e7\u00e3o de acidentes de tr\u00e2nsito As crian\u00e7as do projeto AABB Comunidade em parceria com o projeto de Educa\u00e7\u00e3o no Tr\u00e2nsito do DETRAN, \u2018Anjos do Tr\u00e2nsito\u2019 e Pol\u00edcia Militar (PM) participaram na manh\u00e3 de hoje (31) de uma [&hellip;]<\/p>\n","protected":false},"author":2,"featured_media":0,"comment_status":"open","ping_status":"open","sticky":false,"template":"","format":"standard","meta":{"tdm_status":"","tdm_grid_status":"","footnotes":""},"categories":[22],"tags":[],"class_list":{"0":"post-7214","1":"post","2":"type-post","3":"status-publish","4":"format-standard","6":"category-brasil"},"_links":{"self":[{"href":"https:\/\/migracao.redenoticia.com.br\/noticia\/wp-json\/wp\/v2\/posts\/7214","targetHints":{"allow":["GET"]}}],"collection":[{"href":"https:\/\/migracao.redenoticia.com.br\/noticia\/wp-json\/wp\/v2\/posts"}],"about":[{"href":"https:\/\/migracao.redenoticia.com.br\/noticia\/wp-json\/wp\/v2\/types\/post"}],"author":[{"embeddable":true,"href":"https:\/\/migracao.redenoticia.com.br\/noticia\/wp-json\/wp\/v2\/users\/2"}],"replies":[{"embeddable":true,"href":"https:\/\/migracao.redenoticia.com.br\/noticia\/wp-json\/wp\/v2\/comments?post=7214"}],"version-history":[{"count":0,"href":"https:\/\/migracao.redenoticia.com.br\/noticia\/wp-json\/wp\/v2\/posts\/7214\/revisions"}],"wp:attachment":[{"href":"https:\/\/migracao.redenoticia.com.br\/noticia\/wp-json\/wp\/v2\/media?parent=7214"}],"wp:term":[{"taxonomy":"category","embeddable":true,"href":"https:\/\/migracao.redenoticia.com.br\/noticia\/wp-json\/wp\/v2\/categories?post=7214"},{"taxonomy":"post_tag","embeddable":true,"href":"https:\/\/migracao.redenoticia.com.br\/noticia\/wp-json\/wp\/v2\/tags?post=7214"}],"curies":[{"name":"wp","href":"https:\/\/api.w.org\/{rel}","templated":true}]}}