{"id":72461,"date":"2015-07-10T15:43:22","date_gmt":"2015-07-10T18:43:22","guid":{"rendered":"http:\/\/www.redenoticia.com.br\/noticia\/?p=72461"},"modified":"2015-07-10T15:43:22","modified_gmt":"2015-07-10T18:43:22","slug":"inep-divulga-resultados-preliminares-do-enem-2014","status":"publish","type":"post","link":"https:\/\/migracao.redenoticia.com.br\/noticia\/2015\/inep-divulga-resultados-preliminares-do-enem-2014\/72461","title":{"rendered":"Inep divulga resultados preliminares do Enem 2014"},"content":{"rendered":"<p> O Instituto Nacional de Estudos e Pesquisas Educacionais An\u00edsio Teixeira (Inep) divulgou o resultado preliminar do Exame Nacional do Ensino M\u00e9dio (<strong><em>Enem<\/em><\/strong>) 2014 por escola na internet. Por enquanto, os dados est\u00e3o dispon\u00edveis apenas para as escolas, mas no dia 27 ser\u00e3o abertos ao p\u00fablico.<\/p>\n<p>Para acessar, \u00e9 preciso informar o CPF do dirigente e o c\u00f3digo da entidade. Os estudantes s\u00e3o divididos em n\u00edveis de profici\u00eancia, de acordo com a nota que tiraram. Na divulga\u00e7\u00e3o, as escolas t\u00eam acesso \u00e0 porcentagem dos alunos em cada n\u00edvel, para cada uma das \u00e1reas de conhecimento cobradas no Enem &#8211; ci\u00eancias humanas, ci\u00eancias da natureza, linguagens e c\u00f3digos, matem\u00e1tica e reda\u00e7\u00e3o. Al\u00e9m disso, as escolas t\u00eam acesso \u00e0s m\u00e9dias  das profici\u00eancias  dos  alunos participantes, \u00e0 taxa  de participa\u00e7\u00e3o  da  unidade  escolar e a indicadores contextuais.<\/p>\n<p> Os resultados s\u00e3o calculados e divulgados para as escolas que tenham matriculados pelo menos dez concluintes do ensino m\u00e9dio regular seriado e 50% de concluintes participantes do Enem. S\u00e3o concluintes os alunos da 3\u00aa s\u00e9rie do ensino m\u00e9dio, exclu\u00eddos os do ensino n\u00e3o seriado, conforme os dados do Censo da Educa\u00e7\u00e3o B\u00e1sica de 2014.<\/p>\n<p>Caso os dirigentes das escolas discordem do resultado preliminar, poder\u00e3o interpor recurso no Inep no prazo de at\u00e9 dez dias a  contar desta divulga\u00e7\u00e3o preliminar. Os resultados do Enem por escola auxiliam estudantes, professores, pais e gestores educacionais na reflex\u00e3o sobre o aprendizado no ensino m\u00e9dio e no planejamento de estrat\u00e9gias de melhoria da qualidade da educa\u00e7\u00e3o, de acordo com o Inep. Em 2014, aproximadamente 6,2 milh\u00f5es de estudantes fizeram o exame.<\/p>\n<p>A nota do Enem \u00e9 usada para selecionar estudantes para vagas p\u00fablicas e privadas de ensino superior e ensino t\u00e9cnico pelo Sistema de Sele\u00e7\u00e3o Unificada (Sisu), pelo Programa Universidade para Todos (ProUni) e pelo Sistema de Sele\u00e7\u00e3o da Educa\u00e7\u00e3o Profissional e Tecnol\u00f3gica (Sisutec), respectivamente. Al\u00e9m de ser exig\u00eancia para financiamento pelo Fundo de Financiamento Estudantil (Fies) e para o programa de interc\u00e2mbio acad\u00eamico Ci\u00eancia sem Fronteiras. O Enem pode ser usada ainda como certifica\u00e7\u00e3o do ensino m\u00e9dio.<\/p>\n<p>Neste ano, o Enem ser\u00e1 nos dias 24 e 25 de outubro, cerca de 8,5 milh\u00f5es fizeram a inscri\u00e7\u00e3o. Para ajudar os estudantes a se prepararem para a prova o Portal EBC disponibiliza gratuitamente o aplicativo Quest\u00f5es Enem.<\/p>\n<p>Mariana Tokarnia &#8211; Rep\u00f3rter da Ag\u00eancia Brasil<br \/>\nEdi\u00e7\u00e3o: Jorge Wamburg<\/p>\n","protected":false},"excerpt":{"rendered":"<p>O Instituto Nacional de Estudos e Pesquisas Educacionais An\u00edsio Teixeira (Inep) divulgou o resultado preliminar do Exame Nacional do Ensino M\u00e9dio (Enem) 2014 por escola na internet. Por enquanto, os dados est\u00e3o dispon\u00edveis apenas para as escolas, mas no dia 27 ser\u00e3o abertos ao p\u00fablico. Para acessar, \u00e9 preciso informar o CPF do dirigente e [&hellip;]<\/p>\n","protected":false},"author":2,"featured_media":36938,"comment_status":"open","ping_status":"closed","sticky":false,"template":"","format":"standard","meta":{"tdm_status":"","tdm_grid_status":"","footnotes":""},"categories":[22,370,295],"tags":[],"class_list":{"0":"post-72461","1":"post","2":"type-post","3":"status-publish","4":"format-standard","5":"has-post-thumbnail","7":"category-brasil","8":"category-inscricao","9":"category-vestibular"},"_links":{"self":[{"href":"https:\/\/migracao.redenoticia.com.br\/noticia\/wp-json\/wp\/v2\/posts\/72461","targetHints":{"allow":["GET"]}}],"collection":[{"href":"https:\/\/migracao.redenoticia.com.br\/noticia\/wp-json\/wp\/v2\/posts"}],"about":[{"href":"https:\/\/migracao.redenoticia.com.br\/noticia\/wp-json\/wp\/v2\/types\/post"}],"author":[{"embeddable":true,"href":"https:\/\/migracao.redenoticia.com.br\/noticia\/wp-json\/wp\/v2\/users\/2"}],"replies":[{"embeddable":true,"href":"https:\/\/migracao.redenoticia.com.br\/noticia\/wp-json\/wp\/v2\/comments?post=72461"}],"version-history":[{"count":0,"href":"https:\/\/migracao.redenoticia.com.br\/noticia\/wp-json\/wp\/v2\/posts\/72461\/revisions"}],"wp:featuredmedia":[{"embeddable":true,"href":"https:\/\/migracao.redenoticia.com.br\/noticia\/wp-json\/wp\/v2\/media\/36938"}],"wp:attachment":[{"href":"https:\/\/migracao.redenoticia.com.br\/noticia\/wp-json\/wp\/v2\/media?parent=72461"}],"wp:term":[{"taxonomy":"category","embeddable":true,"href":"https:\/\/migracao.redenoticia.com.br\/noticia\/wp-json\/wp\/v2\/categories?post=72461"},{"taxonomy":"post_tag","embeddable":true,"href":"https:\/\/migracao.redenoticia.com.br\/noticia\/wp-json\/wp\/v2\/tags?post=72461"}],"curies":[{"name":"wp","href":"https:\/\/api.w.org\/{rel}","templated":true}]}}