{"id":727,"date":"2009-04-20T17:12:11","date_gmt":"2009-04-20T21:12:11","guid":{"rendered":"http:\/\/www.redenoticia.com.br\/noticia\/2009\/04\/mais-da-metade-dos-contribuintes-deixa-a-entrega-da-declarao-do-ir-para-a-ltima-hora\/"},"modified":"2009-04-20T17:12:11","modified_gmt":"2009-04-20T21:12:11","slug":"mais-da-metade-dos-contribuintes-deixa-a-entrega-da-declarao-do-ir-para-a-ltima-hora","status":"publish","type":"post","link":"https:\/\/migracao.redenoticia.com.br\/noticia\/2009\/mais-da-metade-dos-contribuintes-deixa-a-entrega-da-declarao-do-ir-para-a-ltima-hora\/727","title":{"rendered":"Mais da metade dos contribuintes deixa a entrega da declara&ccedil;&atilde;o do IR para a &uacute;ltima hora"},"content":{"rendered":"<p><a href=\"http:\/\/www.agenciabrasil.gov.br\/media\/imagens\/2008\/08\/01\/1240RP020.JPG\/view\"><img loading=\"lazy\" decoding=\"async\" title=\"Bras\u00edlia - O supervisor nacional do Imposto de Renda, Joaquim Adir, fala em entrevista coletiva sobre o fim da declara\u00e7\u00e3o de isento Foto: Roosewelt Pinheiro\/ABr\" style=\"border-right: 0px; border-top: 0px; display: inline; margin: 0px 35px 10px 0px; border-left: 0px; border-bottom: 0px\" height=\"140\" alt=\"Bras\u00edlia - O supervisor nacional do Imposto de Renda, Joaquim Adir, fala em entrevista coletiva sobre o fim da declara\u00e7\u00e3o de isento Foto: Roosewelt Pinheiro\/ABr\" src=\"http:\/\/stream.agenciabrasil.gov.br\/media\/imagens\/2008\/08\/01\/1240RP020.image_media_horizontal.JPG\" width=\"214\" align=\"left\" border=\"0\" \/><\/a><\/p>\n<p>&#160;<\/p>\n<p>A dez dias do fim do prazo para a entrega da declara\u00e7\u00e3o do Imposto de Renda Pessoa F\u00edsica, o total de documentos enviados \u00e0 Receita Federal chegou a 11, 690 milh\u00f5es at\u00e9 as 10h30 de hoje (20). Esse n\u00famero representa 46,76% dos 25 milh\u00f5es de declara\u00e7\u00f5es esperadas para este ano, ou seja, mais da metade dos contribuintes vai deixar a entrega para a \u00faltima hora.<\/p>\n<p>O prazo de entrega vai at\u00e9 a meia-noite (hor\u00e1rio de Bras\u00edlia) de 30 de abril para quem usar a <i>internet<\/i>. Nos outros casos, o contribuinte ter\u00e1 que observar o hor\u00e1rio de atendimento das ag\u00eancias banc\u00e1rias ou dos Correios. Quem n\u00e3o enviar os dados dentro do prazo ter\u00e1 de pagar multa de R$ 165,74.<\/p>\n<p>Neste ano, a Receita Federal tem alertado os contribuintes para observar com aten\u00e7\u00e3o o preenchimento da parte referente a pagamentos e doa\u00e7\u00f5es. Ao informar os dados do pagamento, \u00e9 importante demonstrar tamb\u00e9m quem foi o respons\u00e1vel pela referida despesa.<\/p>\n<p>S\u00e3o obrigadas a declarar o Imposto de Renda as pessoas f\u00edsicas que receberam, no ano passado, acima de R$ 16.473,72 em rendimentos tribut\u00e1veis (que pagam impostos). Quem teve rendimentos n\u00e3o-tribut\u00e1veis ou isentos de impostos acima de R$ 40 mil no ano passado tamb\u00e9m ter\u00e1 de acertar as contas com a Receita.<\/p>\n<p>O envio da declara\u00e7\u00e3o \u00e9 obrigat\u00f3rio ainda para s\u00f3cios de empresas, pessoas f\u00edsicas com patrim\u00f4nio superior a R$ 80 mil (pelo valor de compra) em 31 de dezembro e para quem exerceu atividade rural e recebeu acima de R$ 82,5 mil em 2008.<\/p>\n<p>Os programas para o preenchimento e a transmiss\u00e3o dos dados est\u00e3o dispon\u00edveis na p\u00e1gina da Receita na <i>internet<\/i>. O contribuinte tamb\u00e9m pode entregar a declara\u00e7\u00e3o em disquete nas ag\u00eancias do Banco do Brasil e em formul\u00e1rio de papel nas ag\u00eancias dos Correios.<\/p>\n<p>Daniel Lima    <br \/><i>Rep\u00f3rter da Ag\u00eancia Brasil<\/i><\/p>\n<p>Foto: Roosewelt Pinheiro\/ABr<\/p>\n","protected":false},"excerpt":{"rendered":"<p>&#160; A dez dias do fim do prazo para a entrega da declara\u00e7\u00e3o do Imposto de Renda Pessoa F\u00edsica, o total de documentos enviados \u00e0 Receita Federal chegou a 11, 690 milh\u00f5es at\u00e9 as 10h30 de hoje (20). Esse n\u00famero representa 46,76% dos 25 milh\u00f5es de declara\u00e7\u00f5es esperadas para este ano, ou seja, mais da [&hellip;]<\/p>\n","protected":false},"author":2,"featured_media":0,"comment_status":"open","ping_status":"open","sticky":false,"template":"","format":"standard","meta":{"tdm_status":"","tdm_grid_status":"","footnotes":""},"categories":[7],"tags":[],"class_list":{"0":"post-727","1":"post","2":"type-post","3":"status-publish","4":"format-standard","6":"category-economia"},"_links":{"self":[{"href":"https:\/\/migracao.redenoticia.com.br\/noticia\/wp-json\/wp\/v2\/posts\/727","targetHints":{"allow":["GET"]}}],"collection":[{"href":"https:\/\/migracao.redenoticia.com.br\/noticia\/wp-json\/wp\/v2\/posts"}],"about":[{"href":"https:\/\/migracao.redenoticia.com.br\/noticia\/wp-json\/wp\/v2\/types\/post"}],"author":[{"embeddable":true,"href":"https:\/\/migracao.redenoticia.com.br\/noticia\/wp-json\/wp\/v2\/users\/2"}],"replies":[{"embeddable":true,"href":"https:\/\/migracao.redenoticia.com.br\/noticia\/wp-json\/wp\/v2\/comments?post=727"}],"version-history":[{"count":0,"href":"https:\/\/migracao.redenoticia.com.br\/noticia\/wp-json\/wp\/v2\/posts\/727\/revisions"}],"wp:attachment":[{"href":"https:\/\/migracao.redenoticia.com.br\/noticia\/wp-json\/wp\/v2\/media?parent=727"}],"wp:term":[{"taxonomy":"category","embeddable":true,"href":"https:\/\/migracao.redenoticia.com.br\/noticia\/wp-json\/wp\/v2\/categories?post=727"},{"taxonomy":"post_tag","embeddable":true,"href":"https:\/\/migracao.redenoticia.com.br\/noticia\/wp-json\/wp\/v2\/tags?post=727"}],"curies":[{"name":"wp","href":"https:\/\/api.w.org\/{rel}","templated":true}]}}