{"id":728,"date":"2009-04-20T17:18:05","date_gmt":"2009-04-20T21:18:05","guid":{"rendered":"http:\/\/www.redenoticia.com.br\/noticia\/2009\/04\/goe-em-ji-paran-apreende-arma-em-bar\/"},"modified":"2011-03-08T10:48:38","modified_gmt":"2011-03-08T14:48:38","slug":"goe-em-ji-paran-apreende-arma-em-bar","status":"publish","type":"post","link":"https:\/\/migracao.redenoticia.com.br\/noticia\/2009\/goe-em-ji-paran-apreende-arma-em-bar\/728","title":{"rendered":"GOE em Ji-paran&aacute; apreende arma em bar"},"content":{"rendered":"<p><a href=\"https:\/\/migracao.redenoticia.com.br\/noticia\/imagens\/clip_image005.jpg\"><img loading=\"lazy\" decoding=\"async\" title=\"clip_image005\" style=\"border-right: 0px; border-top: 0px; display: inline; margin: 0px 30px 10px 0px; border-left: 0px; border-bottom: 0px\" height=\"162\" alt=\"clip_image005\" src=\"https:\/\/migracao.redenoticia.com.br\/noticia\/imagens\/clip_image005_thumb.jpg\" width=\"216\" align=\"left\" border=\"0\" \/><\/a>A guarni\u00e7\u00e3o do GOE \u2013 Grupo de Opera\u00e7\u00f5es Especiais do 2\u00ba BPM \u2013 Batalh\u00e3o de Pol\u00edcia Militar, comandada pelo subtenente PM Sobrinho, realizou abordagem em algumas pessoas que se encontravam jogando sinuca em um bar na Avenida Curitiba com Rua das Seringueiras (T-14), no bairro Nova Bras\u00edlia. Mais um preventivado da Justi\u00e7a \u00e9 encaminhado a delegacia em Ji-paran\u00e1.<\/p>\n<p><a href=\"https:\/\/migracao.redenoticia.com.br\/noticia\/imagens\/clip_image005.jpg\"><\/a><\/p>\n<p>Com os freq\u00fcentadores os policiais militares n\u00e3o encontraram armas, mas ao verificar no interior de uma sala anexa ao bar, usada para pr\u00e1ticas de jogos de baralho, foi encontrado sobre uma caixa de refrigerante, um rev\u00f3lver calibre 38 SPECIAL, marca taurus, niquelado, cano de 2\u201d, cabo de borracha de n\u00ba 62695, sem nenhuma muni\u00e7\u00e3o.<\/p>\n<p>Nenhum dos freq\u00fcentadores do estabelecimento assumiu a propriedade da arma. Edijame de Souza Lima, 34, foi conduzido para a delegacia, j\u00e1 que foi o \u00fanico que entrou na sala na chegada da guarni\u00e7\u00e3o ao local.&#160; Uma da pessoas que estava no local que pediu para n\u00e3o ser identificada declarou para a guarni\u00e7\u00e3o que a arma era mesmo de propriedade de Edijame. Ocorr\u00eancia foi registrada na 2\u00aa Delegacia de Policia, onde ficou na responsabilidade do Delegado de plant\u00e3o. Alem do comandante a guarni\u00e7\u00e3o estava composta pelo Cabo PM C Silva, PM Alex e PM Arthur.<\/p>\n","protected":false},"excerpt":{"rendered":"<p>A guarni\u00e7\u00e3o do GOE \u2013 Grupo de Opera\u00e7\u00f5es Especiais do 2\u00ba BPM \u2013 Batalh\u00e3o de Pol\u00edcia Militar, comandada pelo subtenente PM Sobrinho, realizou abordagem em algumas pessoas que se encontravam jogando sinuca em um bar na Avenida Curitiba com Rua das Seringueiras (T-14), no bairro Nova Bras\u00edlia. Mais um preventivado da Justi\u00e7a \u00e9 encaminhado a [&hellip;]<\/p>\n","protected":false},"author":2,"featured_media":0,"comment_status":"open","ping_status":"open","sticky":false,"template":"","format":"standard","meta":{"tdm_status":"","tdm_grid_status":"","footnotes":""},"categories":[22],"tags":[],"class_list":{"0":"post-728","1":"post","2":"type-post","3":"status-publish","4":"format-standard","6":"category-brasil"},"_links":{"self":[{"href":"https:\/\/migracao.redenoticia.com.br\/noticia\/wp-json\/wp\/v2\/posts\/728","targetHints":{"allow":["GET"]}}],"collection":[{"href":"https:\/\/migracao.redenoticia.com.br\/noticia\/wp-json\/wp\/v2\/posts"}],"about":[{"href":"https:\/\/migracao.redenoticia.com.br\/noticia\/wp-json\/wp\/v2\/types\/post"}],"author":[{"embeddable":true,"href":"https:\/\/migracao.redenoticia.com.br\/noticia\/wp-json\/wp\/v2\/users\/2"}],"replies":[{"embeddable":true,"href":"https:\/\/migracao.redenoticia.com.br\/noticia\/wp-json\/wp\/v2\/comments?post=728"}],"version-history":[{"count":0,"href":"https:\/\/migracao.redenoticia.com.br\/noticia\/wp-json\/wp\/v2\/posts\/728\/revisions"}],"wp:attachment":[{"href":"https:\/\/migracao.redenoticia.com.br\/noticia\/wp-json\/wp\/v2\/media?parent=728"}],"wp:term":[{"taxonomy":"category","embeddable":true,"href":"https:\/\/migracao.redenoticia.com.br\/noticia\/wp-json\/wp\/v2\/categories?post=728"},{"taxonomy":"post_tag","embeddable":true,"href":"https:\/\/migracao.redenoticia.com.br\/noticia\/wp-json\/wp\/v2\/tags?post=728"}],"curies":[{"name":"wp","href":"https:\/\/api.w.org\/{rel}","templated":true}]}}