{"id":72828,"date":"2015-07-23T18:44:16","date_gmt":"2015-07-23T21:44:16","guid":{"rendered":"http:\/\/www.redenoticia.com.br\/noticia\/?p=72828"},"modified":"2015-07-23T18:44:13","modified_gmt":"2015-07-23T21:44:13","slug":"novela-alem-do-tempo-emilia-engana-vitoria","status":"publish","type":"post","link":"https:\/\/migracao.redenoticia.com.br\/noticia\/2015\/novela-alem-do-tempo-emilia-engana-vitoria\/72828","title":{"rendered":"Novela \u201cAl\u00e9m do Tempo\u201d: Em\u00edlia engana Vit\u00f3ria"},"content":{"rendered":"<p><img loading=\"lazy\" decoding=\"async\" src=\"https:\/\/migracao.redenoticia.com.br\/noticia\/imagens\/Alem_do_tempo_novela_resumo_globo-187x187.jpg\" alt=\"Alem_do_tempo_novela_resumo_globo\" width=\"187\" height=\"187\" class=\"alignleft size-medium wp-image-72626\" srcset=\"https:\/\/migracao.redenoticia.com.br\/noticia\/imagens\/Alem_do_tempo_novela_resumo_globo-187x187.jpg 187w, https:\/\/migracao.redenoticia.com.br\/noticia\/imagens\/Alem_do_tempo_novela_resumo_globo.jpg 300w, https:\/\/migracao.redenoticia.com.br\/noticia\/imagens\/Alem_do_tempo_novela_resumo_globo-150x150.jpg 150w, https:\/\/migracao.redenoticia.com.br\/noticia\/imagens\/Alem_do_tempo_novela_resumo_globo-110x110.jpg 110w, https:\/\/migracao.redenoticia.com.br\/noticia\/imagens\/Alem_do_tempo_novela_resumo_globo-50x50.jpg 50w\" sizes=\"auto, (max-width: 187px) 100vw, 187px\" \/><em><strong>Novela \u201cAl\u00e9m do Tempo\u201d:<\/strong><\/em> a taberna de Em\u00edlia (Ana Beatriz Nogueira) \u00e9 incendiada. A comerciante \u00e9 resgatada, mas fica entre a vida e a morte. Todos acreditam que Em\u00edlia vai morrer, mas ela come\u00e7a a apresentar melhoras. Certa de que a Condessa Vit\u00f3ria (Irene Ravache) \u00e9 a culpada pelo inc\u00eandio, Em\u00edlia pede para Gema (Louise Cardoso) esconder a verdade sobre a sua recupera\u00e7\u00e3o. Enquanto isso, Ariel (Michel Melamed) diz para Bento (Luiz Carlos Vasconcelos) que Em\u00edlia est\u00e1 morta. A Condessa Vit\u00f3ria comemora.<\/p>\n<p>Fonte Rede Globo \u2013 nos pr\u00f3ximos cap\u00edtulos da novela \u201cAl\u00e9m do Tempo\u201d, os m\u00e9dicos afirmam que n\u00e3o h\u00e1 mais nada a fazer por Em\u00edlia e convocam Padre Lu\u00eds. L\u00edvia conforta a m\u00e3e. Vit\u00f3ria acredita que Em\u00edlia est\u00e1 morta. Bento assedia Rosa. Padre Lu\u00eds reza por Em\u00edlia, que apresenta melhora em seu estado de sa\u00fade. Vit\u00f3ria visita o suposto t\u00famulo de Em\u00edlia. Dorot\u00e9ia avisa a Felipe que seu filho Roberto chegar\u00e1 a Campobello. Em\u00edlia pede a Gema que sua recupera\u00e7\u00e3o seja mantida em segredo absoluto. Melissa, Dorot\u00e9ia e Felipe falam sobre as sa\u00eddas misteriosas de Vit\u00f3ria. Zilda exige que Afonso se afaste de Anita. Felipe pensa em L\u00edvia. Em\u00edlia pede a Padre Lu\u00eds que a deixe ficar no convento com L\u00edvia.<\/p>\n<p>Em\u00edlia revela sua hist\u00f3ria a Padre Lu\u00eds e afirma que foi Vit\u00f3ria quem provocou o inc\u00eandio em sua casa. L\u00edvia diz a Padre Lu\u00eds que deixar\u00e1 o convento quando sua m\u00e3e se recuperar. Vit\u00f3ria analisa a proposta de Robson para a compra de suas terras e Felipe insinua que a tia n\u00e3o parece ter inten\u00e7\u00e3o de vend\u00ea-las. Felipe beija L\u00edvia, que o acusa de traidor. Melissa destrata Carola e Dorot\u00e9ia a alerta. Rita pergunta a Nen\u00e9m por P\u00e9rsio. Melissa e Dorot\u00e9ia chegam ao ch\u00e1 de Salom\u00e9 e Bianca. Botelho diz a Vit\u00f3ria que sua sa\u00fade n\u00e3o est\u00e1 em boas condi\u00e7\u00f5es. L\u00edvia visita o t\u00famulo de Bernardo sem perceber que \u00e9 observada por um homem. <\/p>\n<p> L\u00edvia chora no t\u00famulo de seu pai e percebe a presen\u00e7a de algu\u00e9m que a observa. Fel\u00edcia, Alex e Chico selam um pacto de amizade. Ariel surge para ajudar L\u00edvia. Dorot\u00e9ia se oferece para dar aulas de etiqueta e piano para Fel\u00edcia. Zilda pede que Pedro insinue a Felipe que gostaria de trabalhar como seu criado pessoal. Pedro mente e confirma a Felipe que L\u00edvia est\u00e1 no convento. Gema decide construir uma casa para Raul e Chico. Vit\u00f3ria faz uma visita em um sanat\u00f3rio.<\/p>\n<p> Vit\u00f3ria se decepciona ao constatar que o homem que visitou no sanat\u00f3rio n\u00e3o \u00e9 Bernardo. L\u00edvia revela a Anita que \u00e9 neta de Vit\u00f3ria. Melissa tenta se aproximar de Felipe. Gema ensina Chico a ler e descobre que Raul nunca foi \u00e0 escola. Vit\u00f3ria confidencia a Zilda os reais motivos de sua volta a Campobello. Felipe afirma a Melissa que n\u00e3o poder\u00e1 se casar com ela.<\/p>\n<p> Melissa se desespera ao saber que Felipe est\u00e1 apaixonado por outra mulher. Felipe vai ao convento atr\u00e1s de L\u00edvia, mas Padre Lu\u00eds o surpreende. Vit\u00f3ria garante a Melissa que Felipe se casar\u00e1 com ela. Pedro descobre que Felipe terminou seu noivado e jura que ele n\u00e3o ficar\u00e1 com L\u00edvia. Felipe anuncia que comprar\u00e1 as terras de Genaro. Alex revela a Bianca e Fel\u00edcia que seu pai desistiu do casamento com Melissa. Felipe visita L\u00edvia no convento.<\/p>\n<p> Felipe revela a L\u00edvia que terminou seu noivado com Melissa e afirma que a ama. Pedro v\u00ea quando Felipe deixa o convento. Pedro promete ajudar Em\u00edlia com a investiga\u00e7\u00e3o sobre o inc\u00eandio em sua casa e alerta L\u00edvia sobre Felipe. Dorot\u00e9ia insinua que Melissa se envolveu na morte de Berenice. Bento flagra Afonso com Anita e amea\u00e7a a menina. Felipe convida Afonso para trabalhar com Massimo em sua nova propriedade. Gema se oferece para ensinar Raul a ler. Felipe encontra L\u00edvia.<\/p>\n<p> L\u00edvia se afasta de Felipe e Padre Lu\u00eds desconfia da agita\u00e7\u00e3o da menina. Em\u00edlia decide deixar Campobello com L\u00edvia. Melissa se insinua para Felipe, Anita v\u00ea os dois e conta para Pedro. Zilda se alegra com a possibilidade de um novo trabalho para Afonso e sonha em casar o filho com Bianca. Padre Lu\u00eds aconselha L\u00edvia a se manter longe de Felipe. L\u00edvia confessa a Anita que est\u00e1 apaixonada por Felipe. Anita revela que viu Melissa no quarto de Felipe.<\/p>\n<p> L\u00edvia se desespera com a revela\u00e7\u00e3o de Anita. Pedro avisa a Em\u00edlia que j\u00e1 n\u00e3o h\u00e1 vest\u00edgios do inc\u00eandio em sua antiga casa. Melissa inventa para Anita que foi Felipe quem a convidou para seu quarto e pede segredo \u00e0 menina. Com a ajuda de Padre Lu\u00eds, L\u00edvia exige que Felipe se afaste de sua vida. Em\u00edlia se surpreende ao encontrar uma rosa como as que Bernardo costumava lhe oferecer no passado.<\/p>\n","protected":false},"excerpt":{"rendered":"<p>Novela \u201cAl\u00e9m do Tempo\u201d: a taberna de Em\u00edlia (Ana Beatriz Nogueira) \u00e9 incendiada. A comerciante \u00e9 resgatada, mas fica entre a vida e a morte. Todos acreditam que Em\u00edlia vai morrer, mas ela come\u00e7a a apresentar melhoras. Certa de que a Condessa Vit\u00f3ria (Irene Ravache) \u00e9 a culpada pelo inc\u00eandio, Em\u00edlia pede para Gema (Louise [&hellip;]<\/p>\n","protected":false},"author":2,"featured_media":72626,"comment_status":"open","ping_status":"closed","sticky":false,"template":"","format":"standard","meta":{"tdm_status":"","tdm_grid_status":"","footnotes":""},"categories":[379,375,343],"tags":[],"class_list":{"0":"post-72828","1":"post","2":"type-post","3":"status-publish","4":"format-standard","5":"has-post-thumbnail","7":"category-novelas","8":"category-rede-globo","9":"category-televisao"},"_links":{"self":[{"href":"https:\/\/migracao.redenoticia.com.br\/noticia\/wp-json\/wp\/v2\/posts\/72828","targetHints":{"allow":["GET"]}}],"collection":[{"href":"https:\/\/migracao.redenoticia.com.br\/noticia\/wp-json\/wp\/v2\/posts"}],"about":[{"href":"https:\/\/migracao.redenoticia.com.br\/noticia\/wp-json\/wp\/v2\/types\/post"}],"author":[{"embeddable":true,"href":"https:\/\/migracao.redenoticia.com.br\/noticia\/wp-json\/wp\/v2\/users\/2"}],"replies":[{"embeddable":true,"href":"https:\/\/migracao.redenoticia.com.br\/noticia\/wp-json\/wp\/v2\/comments?post=72828"}],"version-history":[{"count":0,"href":"https:\/\/migracao.redenoticia.com.br\/noticia\/wp-json\/wp\/v2\/posts\/72828\/revisions"}],"wp:featuredmedia":[{"embeddable":true,"href":"https:\/\/migracao.redenoticia.com.br\/noticia\/wp-json\/wp\/v2\/media\/72626"}],"wp:attachment":[{"href":"https:\/\/migracao.redenoticia.com.br\/noticia\/wp-json\/wp\/v2\/media?parent=72828"}],"wp:term":[{"taxonomy":"category","embeddable":true,"href":"https:\/\/migracao.redenoticia.com.br\/noticia\/wp-json\/wp\/v2\/categories?post=72828"},{"taxonomy":"post_tag","embeddable":true,"href":"https:\/\/migracao.redenoticia.com.br\/noticia\/wp-json\/wp\/v2\/tags?post=72828"}],"curies":[{"name":"wp","href":"https:\/\/api.w.org\/{rel}","templated":true}]}}