{"id":73,"date":"2009-04-02T09:56:00","date_gmt":"2009-04-02T12:56:00","guid":{"rendered":"http:\/\/www.redenoticia.com.br\/noticia\/?p=73"},"modified":"2009-04-10T01:01:20","modified_gmt":"2009-04-10T04:01:20","slug":"ji-parana-fechou-marco-com-chuvas-abaixo-da-media","status":"publish","type":"post","link":"https:\/\/migracao.redenoticia.com.br\/noticia\/2009\/ji-parana-fechou-marco-com-chuvas-abaixo-da-media\/73","title":{"rendered":"Ji-Paran\u00e1 fechou mar\u00e7o com chuvas abaixo da m\u00e9dia"},"content":{"rendered":"<p style=\"MARGIN: 0cm 0cm 0pt\">\u00a0<\/p>\n<p style=\"MARGIN: 0cm 0cm 0pt\">\u00a0<\/p>\n<p style=\"MARGIN: 0cm 0cm 0pt\"><img loading=\"lazy\" decoding=\"async\" class=\"alignleft\" src=\"http:\/\/farm4.static.flickr.com\/3637\/3407035460_f53f7a9f3e_m.jpg\" alt=\"\" width=\"240\" height=\"160\" \/>Aparentemente molhado, mar\u00e7o teve chuvas abaixo da m\u00e9dia em Rond\u00f4nia<\/p>\n<p style=\"MARGIN: 0cm 0cm 0pt\">Devido aos dias nublados e com precipita\u00e7\u00e3o intermitente, a impress\u00e3o \u00e9 de que mar\u00e7o teve chuvas al\u00e9m do normal em Rond\u00f4nia, mas em pr\u00e1tica, o volume acumulado ficou abaixo da m\u00e9dia em todo o Estado, menos em Guajar\u00e1-Mirim que registrou \u00edndice acima do esperado.<\/p>\n<p style=\"MARGIN: 0cm 0cm 0pt\">\u00a0<\/p>\n<p style=\"MARGIN: 0cm 0cm 0pt\">Ji-Paran\u00e1 tamb\u00e9m fechou mar\u00e7o com chuvas abaixo da m\u00e9dia. Foram registrados 250,9 mm, contra 320,5 mm, que \u00e9 a m\u00e9dia esperada.<\/p>\n<p style=\"MARGIN: 0cm 0cm 0pt\">\u00a0<\/p>\n<p style=\"MARGIN: 0cm 0cm 0pt\">Nos tr\u00eas primeiros meses de 2009 choveu cerca de 885,0 mm, sendo que a m\u00e9dia para o mesmo per\u00edodo \u00e9 de 965,5 mm.<\/p>\n<p style=\"MARGIN: 0cm 0cm 0pt\">\u00a0<\/p>\n<p style=\"MARGIN: 0cm 0cm 0pt\">Segundo a ANA (Ag\u00eancia Nacional de \u00c1guas), dos 32 anos de observa\u00e7\u00e3o das cotas em Ji-Paran\u00e1, 14 tiveram o valor m\u00e1ximo anual no m\u00eas de mar\u00e7o, 8 em fevereiro, 6 em abril e duas em janeiro.<\/p>\n<p style=\"MARGIN: 0cm 0cm 0pt\">\u00a0<\/p>\n<p style=\"MARGIN: 0cm 0cm 0pt\"><em>Dados: REDEMET &#8211; INMET &#8211; ANA<\/em><\/p>\n<p style=\"MARGIN: 0cm 0cm 0pt\">\u00a0<\/p>\n<p style=\"MARGIN: 0cm 0cm 0pt\"><em>Fonte: De olho no tempo<\/em><\/p>\n<p style=\"MARGIN: 0cm 0cm 0pt\">\u00a0<\/p>\n<p style=\"MARGIN: 0cm 0cm 0pt\">\u00a0<\/p>\n","protected":false},"excerpt":{"rendered":"<p>\u00a0 \u00a0 Aparentemente molhado, mar\u00e7o teve chuvas abaixo da m\u00e9dia em Rond\u00f4nia Devido aos dias nublados e com precipita\u00e7\u00e3o intermitente, a impress\u00e3o \u00e9 de que mar\u00e7o teve chuvas al\u00e9m do normal em Rond\u00f4nia, mas em pr\u00e1tica, o volume acumulado ficou abaixo da m\u00e9dia em todo o Estado, menos em Guajar\u00e1-Mirim que registrou \u00edndice acima do [&hellip;]<\/p>\n","protected":false},"author":2,"featured_media":0,"comment_status":"open","ping_status":"open","sticky":false,"template":"","format":"standard","meta":{"tdm_status":"","tdm_grid_status":"","footnotes":""},"categories":[22],"tags":[],"class_list":{"0":"post-73","1":"post","2":"type-post","3":"status-publish","4":"format-standard","6":"category-brasil"},"_links":{"self":[{"href":"https:\/\/migracao.redenoticia.com.br\/noticia\/wp-json\/wp\/v2\/posts\/73","targetHints":{"allow":["GET"]}}],"collection":[{"href":"https:\/\/migracao.redenoticia.com.br\/noticia\/wp-json\/wp\/v2\/posts"}],"about":[{"href":"https:\/\/migracao.redenoticia.com.br\/noticia\/wp-json\/wp\/v2\/types\/post"}],"author":[{"embeddable":true,"href":"https:\/\/migracao.redenoticia.com.br\/noticia\/wp-json\/wp\/v2\/users\/2"}],"replies":[{"embeddable":true,"href":"https:\/\/migracao.redenoticia.com.br\/noticia\/wp-json\/wp\/v2\/comments?post=73"}],"version-history":[{"count":0,"href":"https:\/\/migracao.redenoticia.com.br\/noticia\/wp-json\/wp\/v2\/posts\/73\/revisions"}],"wp:attachment":[{"href":"https:\/\/migracao.redenoticia.com.br\/noticia\/wp-json\/wp\/v2\/media?parent=73"}],"wp:term":[{"taxonomy":"category","embeddable":true,"href":"https:\/\/migracao.redenoticia.com.br\/noticia\/wp-json\/wp\/v2\/categories?post=73"},{"taxonomy":"post_tag","embeddable":true,"href":"https:\/\/migracao.redenoticia.com.br\/noticia\/wp-json\/wp\/v2\/tags?post=73"}],"curies":[{"name":"wp","href":"https:\/\/api.w.org\/{rel}","templated":true}]}}