{"id":732,"date":"2009-04-21T17:34:35","date_gmt":"2009-04-21T21:34:35","guid":{"rendered":"http:\/\/www.redenoticia.com.br\/noticia\/2009\/04\/inscrio-pronasci-at-3004\/"},"modified":"2011-03-08T10:48:59","modified_gmt":"2011-03-08T14:48:59","slug":"inscrio-pronasci-at-3004","status":"publish","type":"post","link":"https:\/\/migracao.redenoticia.com.br\/noticia\/2009\/inscrio-pronasci-at-3004\/732","title":{"rendered":"Inscri&ccedil;&atilde;o Pronasci at&eacute; 30\/04"},"content":{"rendered":"<p>&#160;<\/p>\n<p><a href=\"https:\/\/migracao.redenoticia.com.br\/noticia\/imagens\/clip_image0022.jpg\"><img loading=\"lazy\" decoding=\"async\" title=\"clip_image002\" style=\"border-right: 0px; border-top: 0px; display: inline; margin: 0px 25px 0px 0px; border-left: 0px; border-bottom: 0px\" height=\"62\" alt=\"clip_image002\" src=\"https:\/\/migracao.redenoticia.com.br\/noticia\/imagens\/clip_image002_thumb2.jpg\" width=\"232\" align=\"left\" border=\"0\" \/><\/a><\/p>\n<p>Estados e munic\u00edpios t\u00eam at\u00e9 o dia 30 de abril para encaminhar projetos ao Programa Nacional de Seguran\u00e7a P\u00fablica com Cidadania (Pronasci), do Minist\u00e9rio da Justi\u00e7a, e ter acesso aos&#160; recursos. O or\u00e7amento de 2009 prev\u00ea R$ 1,2 bilh\u00e3o para investimentos no Pronasci. At\u00e9 agora, 20 estados, o Distrito Federal e 84 munic\u00edpios j\u00e1 aderiram ao programa. (Ag\u00eancia Brasil)<\/p>\n<p>O ministro da Justi\u00e7a, Tarso Genro, no final de mar\u00e7o reuniu todo o primeiro escal\u00e3o do Minist\u00e9rio para analisar o contingenciamento de 41% no or\u00e7amento da pasta, anunciado pelo Minist\u00e9rio do Planejamento. O percentual equivale a um corte de R$ 1,2 bilh\u00e3o no or\u00e7amento de R$ 2,96 bilh\u00f5es previsto para este ano.<\/p>\n<p>No dia 14\/04, um acerto com o Minist\u00e9rio do Planejamento reverteu o contingenciamento. (www.mj.gov.br\/pronasci)<\/p>\n<p>Segundo o Minist\u00e9rio P\u00fablico, <u>Rond\u00f4nia<\/u> tem aprovado no PRONASCI de 2008 o convenio para aquisi\u00e7\u00e3o de:<\/p>\n<p>\u00b7 05 Autom\u00f3veis;<\/p>\n<p>\u00b7 05 M\u00e1quinas Fotogr\u00e1ficas;<\/p>\n<p>\u00b7 12 Computadores;<\/p>\n<p>\u00b7 05 Notebooks;<\/p>\n<p>\u00b7 05 Data Show;<\/p>\n<p>\u00b7 05 Filmadoras;<\/p>\n<p>\u00b7 05 Impressoras.<\/p>\n","protected":false},"excerpt":{"rendered":"<p>&#160; Estados e munic\u00edpios t\u00eam at\u00e9 o dia 30 de abril para encaminhar projetos ao Programa Nacional de Seguran\u00e7a P\u00fablica com Cidadania (Pronasci), do Minist\u00e9rio da Justi\u00e7a, e ter acesso aos&#160; recursos. O or\u00e7amento de 2009 prev\u00ea R$ 1,2 bilh\u00e3o para investimentos no Pronasci. At\u00e9 agora, 20 estados, o Distrito Federal e 84 munic\u00edpios j\u00e1 [&hellip;]<\/p>\n","protected":false},"author":2,"featured_media":0,"comment_status":"open","ping_status":"open","sticky":false,"template":"","format":"standard","meta":{"tdm_status":"","tdm_grid_status":"","footnotes":""},"categories":[22],"tags":[],"class_list":{"0":"post-732","1":"post","2":"type-post","3":"status-publish","4":"format-standard","6":"category-brasil"},"_links":{"self":[{"href":"https:\/\/migracao.redenoticia.com.br\/noticia\/wp-json\/wp\/v2\/posts\/732","targetHints":{"allow":["GET"]}}],"collection":[{"href":"https:\/\/migracao.redenoticia.com.br\/noticia\/wp-json\/wp\/v2\/posts"}],"about":[{"href":"https:\/\/migracao.redenoticia.com.br\/noticia\/wp-json\/wp\/v2\/types\/post"}],"author":[{"embeddable":true,"href":"https:\/\/migracao.redenoticia.com.br\/noticia\/wp-json\/wp\/v2\/users\/2"}],"replies":[{"embeddable":true,"href":"https:\/\/migracao.redenoticia.com.br\/noticia\/wp-json\/wp\/v2\/comments?post=732"}],"version-history":[{"count":0,"href":"https:\/\/migracao.redenoticia.com.br\/noticia\/wp-json\/wp\/v2\/posts\/732\/revisions"}],"wp:attachment":[{"href":"https:\/\/migracao.redenoticia.com.br\/noticia\/wp-json\/wp\/v2\/media?parent=732"}],"wp:term":[{"taxonomy":"category","embeddable":true,"href":"https:\/\/migracao.redenoticia.com.br\/noticia\/wp-json\/wp\/v2\/categories?post=732"},{"taxonomy":"post_tag","embeddable":true,"href":"https:\/\/migracao.redenoticia.com.br\/noticia\/wp-json\/wp\/v2\/tags?post=732"}],"curies":[{"name":"wp","href":"https:\/\/api.w.org\/{rel}","templated":true}]}}