{"id":7329,"date":"2009-08-03T11:10:27","date_gmt":"2009-08-03T15:10:27","guid":{"rendered":"http:\/\/www.redenoticia.com.br\/noticia\/?p=7329"},"modified":"2009-08-03T11:10:27","modified_gmt":"2009-08-03T15:10:27","slug":"previsao-do-tempo-alerta-que-temporais-podem-voltar-em-sc-no-final-desta-semana","status":"publish","type":"post","link":"https:\/\/migracao.redenoticia.com.br\/noticia\/2009\/previsao-do-tempo-alerta-que-temporais-podem-voltar-em-sc-no-final-desta-semana\/7329","title":{"rendered":"Previs\u00e3o do tempo alerta que temporais podem voltar em SC no final desta semana"},"content":{"rendered":"<p>Ap\u00f3s totalizarem 25 fam\u00edlias em condi\u00e7\u00e3o de isolamento no \u00faltimo final de semana, os temporais que atingiram as cidades de Ilhota, Blumenau, Brusque e Luis Alves, j\u00e1 n\u00e3o oferecem perigo para Santa Catarina. De acordo com a Defesa Civil do Estado, a situa\u00e7\u00e3o est\u00e1 normalizada nos quatro munic\u00edpios. Como as condi\u00e7\u00f5es do tempo melhoraram, todas as fam\u00edlias as casas deixaram o isolamento no domingo (2), afirma o sargento Cristiano Oliveira.\u00a0<\/p>\n<p>Nesta segunda-feira (3), o tempo segue seco, com sol entre nuvens e temperaturas baixas em boa parte da Regi\u00e3o Sul, exceto no nordeste do Rio Grande do Sul, onde h\u00e1 previs\u00e3o de chuvas fracas. A sensa\u00e7\u00e3o ser\u00e1 de frio, e na Serra Geral a temperatura n\u00e3o alcan\u00e7a os 10\u00b0C. Nas demais localidades, a m\u00e1xima \u00e9 de 20\u00b0C.<\/p>\n<p>Na ter\u00e7a-feira (4) uma massa de ar polar toma conta do Sul do Pa\u00eds, mas o dia fica ensolarado. Faz muito frio pela manh\u00e3, com m\u00ednimas negativas nos pontos mais elevados, e forma\u00e7\u00e3o de geadas no nordeste do Rio Grande do Sul, centro de Santa Catarina e sudeste do Paran\u00e1. As temperaturas entram em eleva\u00e7\u00e3o, chegando a 25\u00b0C no noroeste do Paran\u00e1 e 22\u00b0C no oeste de Santa Catarina e do Rio Grande do Sul.<\/p>\n<p>Segundo os meteorologistas da Somar, uma nova frente fria que atinge a Regi\u00e3o a partir da quarta-feira (5) pode trazer novas preocupa\u00e7\u00f5es para Santa Catarina. Na quinta-feira (6) o sistema provoca temporais generalizados em boa parte do Estado, no centro e norte do Rio Grande do Sul, e no sul do Paran\u00e1. Na sexta-feira (7) a frente fria ganha for\u00e7a com a ganha for\u00e7a com a umidade proveniente da Amaz\u00f4nia, e a precipita\u00e7\u00e3o se intensifica. Em 24 horas, o volume de chuvas pode chegar a at\u00e9 50mm entre o norte de Rio Grande do Sul e o sul de Santa Catarina. No Paran\u00e1, chove fraco apenas ao sul.<\/p>\n<p>No final de semana a frente fria continua a atuar sobre a Regi\u00e3o Sul, e at\u00e9 a quarta-feira (12) os modelos de previs\u00e3o apontam chuvas nos tr\u00eas Estados.<\/p>\n","protected":false},"excerpt":{"rendered":"<p>Ap\u00f3s totalizarem 25 fam\u00edlias em condi\u00e7\u00e3o de isolamento no \u00faltimo final de semana, os temporais que atingiram as cidades de Ilhota, Blumenau, Brusque e Luis Alves, j\u00e1 n\u00e3o oferecem perigo para Santa Catarina. De acordo com a Defesa Civil do Estado, a situa\u00e7\u00e3o est\u00e1 normalizada nos quatro munic\u00edpios. Como as condi\u00e7\u00f5es do tempo melhoraram, todas [&hellip;]<\/p>\n","protected":false},"author":3,"featured_media":0,"comment_status":"open","ping_status":"open","sticky":false,"template":"","format":"standard","meta":{"tdm_status":"","tdm_grid_status":"","footnotes":""},"categories":[22,327],"tags":[],"class_list":{"0":"post-7329","1":"post","2":"type-post","3":"status-publish","4":"format-standard","6":"category-brasil","7":"category-clima"},"_links":{"self":[{"href":"https:\/\/migracao.redenoticia.com.br\/noticia\/wp-json\/wp\/v2\/posts\/7329","targetHints":{"allow":["GET"]}}],"collection":[{"href":"https:\/\/migracao.redenoticia.com.br\/noticia\/wp-json\/wp\/v2\/posts"}],"about":[{"href":"https:\/\/migracao.redenoticia.com.br\/noticia\/wp-json\/wp\/v2\/types\/post"}],"author":[{"embeddable":true,"href":"https:\/\/migracao.redenoticia.com.br\/noticia\/wp-json\/wp\/v2\/users\/3"}],"replies":[{"embeddable":true,"href":"https:\/\/migracao.redenoticia.com.br\/noticia\/wp-json\/wp\/v2\/comments?post=7329"}],"version-history":[{"count":0,"href":"https:\/\/migracao.redenoticia.com.br\/noticia\/wp-json\/wp\/v2\/posts\/7329\/revisions"}],"wp:attachment":[{"href":"https:\/\/migracao.redenoticia.com.br\/noticia\/wp-json\/wp\/v2\/media?parent=7329"}],"wp:term":[{"taxonomy":"category","embeddable":true,"href":"https:\/\/migracao.redenoticia.com.br\/noticia\/wp-json\/wp\/v2\/categories?post=7329"},{"taxonomy":"post_tag","embeddable":true,"href":"https:\/\/migracao.redenoticia.com.br\/noticia\/wp-json\/wp\/v2\/tags?post=7329"}],"curies":[{"name":"wp","href":"https:\/\/api.w.org\/{rel}","templated":true}]}}