{"id":733,"date":"2009-04-21T17:36:38","date_gmt":"2009-04-21T21:36:38","guid":{"rendered":"http:\/\/www.redenoticia.com.br\/noticia\/2009\/04\/justia-de-rondnia-registra-o-ingresso-de-22-tabelies\/"},"modified":"2011-03-08T10:49:04","modified_gmt":"2011-03-08T14:49:04","slug":"justia-de-rondnia-registra-o-ingresso-de-22-tabelies","status":"publish","type":"post","link":"https:\/\/migracao.redenoticia.com.br\/noticia\/2009\/justia-de-rondnia-registra-o-ingresso-de-22-tabelies\/733","title":{"rendered":"Justi&ccedil;a de Rond&ocirc;nia registra o ingresso de 22 tabeli&atilde;es"},"content":{"rendered":"<h4>&#160;<\/h4>\n<h4><\/h4>\n<p><a name=\"form:_idJsp27\"><\/a><a href=\"http:\/\/www.tj.ro.gov.br\/noticia\/faces\/jsp\/viewImagem.jsp;jsessionid=ac13022030d5ac420770f02f4cdea3cd9d160f60969c.e3iRb30Sc3f0ahuMc3uPbh8MaO0?thumb=false&amp;cdImagem=6352\"><\/a><a href=\"http:\/\/www.tj.ro.gov.br\/noticia\/faces\/jsp\/viewImagem.jsp;jsessionid=ac13022030d5ac420770f02f4cdea3cd9d160f60969c.e3iRb30Sc3f0ahuMc3uPbh8MaO0?thumb=false&amp;cdImagem=6352\"><img loading=\"lazy\" decoding=\"async\" title=\"clip_image001\" style=\"border-right: 0px; border-top: 0px; display: inline; margin: 0px 30px 10px 0px; border-left: 0px; border-bottom: 0px\" height=\"180\" alt=\"clip_image001\" src=\"https:\/\/migracao.redenoticia.com.br\/noticia\/imagens\/clip_image0014.jpg\" width=\"240\" align=\"left\" border=\"0\" \/><\/a><a href=\"http:\/\/www.tj.ro.gov.br\/noticia\/faces\/jsp\/viewImagem.jsp;jsessionid=ac13022030d5ac420770f02f4cdea3cd9d160f60969c.e3iRb30Sc3f0ahuMc3uPbh8MaO0?thumb=false&amp;cdImagem=6352\"><\/a><\/p>\n<p>Tabeli\u00e3es de cart\u00f3rios extrajudiciais (serventia) devem tomar posse, no prazo de trinta dias, como titular de 22 serventias, das 46 disponibilizadas para escolha em audi\u00eancia p\u00fablica realizada, \u00e0s 10 horas, do dia 17 deste m\u00eas, no audit\u00f3rio do Tribunal de Justi\u00e7a de Rond\u00f4nia. <\/p>\n<p>A Audi\u00eancia P\u00fablica foi presidida pelo corregedor-geral de Justi\u00e7a, desembargador Sans\u00e3o Saldanha, com o aux\u00edlio do juiz Enio Salvador Vaz. De acordo com o Corregedor-Geral, em breve, ser\u00e1 feito um estudo minucioso com rela\u00e7\u00e3o as serventias vagas para averiguar a rentabilidade de cada uma, ap\u00f3s o resultado da pesquisa ser\u00e1 realizado novo concurso.<\/p>\n<p>Em Ji-Paran\u00e1, Rodrigo Marcolino Bozelhe assumir\u00e1 o Of\u00edcio de Registro Civil; e Ricardo de Vasconcelos Martins assumir\u00e1, em Nova Londrina, a serventia de Registro Civil e Notas, que pertence \u00e0 comarca de <b>Ji-Paran\u00e1<\/b>. <\/p>\n<p>A lista dos cart\u00f3rios, assim como dos nomes dos candidatos convocados para ingresso, em uma das serventias contida na lista, foram disponibilizados no Di\u00e1rio da Justi\u00e7a n\u00ba 64, publicado no dia 06 de abril deste ano. <\/p>\n<p>Assessoria de Comunica\u00e7\u00e3o Institucional &#8211; TJ RO<\/p>\n","protected":false},"excerpt":{"rendered":"<p>&#160; Tabeli\u00e3es de cart\u00f3rios extrajudiciais (serventia) devem tomar posse, no prazo de trinta dias, como titular de 22 serventias, das 46 disponibilizadas para escolha em audi\u00eancia p\u00fablica realizada, \u00e0s 10 horas, do dia 17 deste m\u00eas, no audit\u00f3rio do Tribunal de Justi\u00e7a de Rond\u00f4nia. A Audi\u00eancia P\u00fablica foi presidida pelo corregedor-geral de Justi\u00e7a, desembargador Sans\u00e3o [&hellip;]<\/p>\n","protected":false},"author":2,"featured_media":0,"comment_status":"open","ping_status":"open","sticky":false,"template":"","format":"standard","meta":{"tdm_status":"","tdm_grid_status":"","footnotes":""},"categories":[22],"tags":[],"class_list":{"0":"post-733","1":"post","2":"type-post","3":"status-publish","4":"format-standard","6":"category-brasil"},"_links":{"self":[{"href":"https:\/\/migracao.redenoticia.com.br\/noticia\/wp-json\/wp\/v2\/posts\/733","targetHints":{"allow":["GET"]}}],"collection":[{"href":"https:\/\/migracao.redenoticia.com.br\/noticia\/wp-json\/wp\/v2\/posts"}],"about":[{"href":"https:\/\/migracao.redenoticia.com.br\/noticia\/wp-json\/wp\/v2\/types\/post"}],"author":[{"embeddable":true,"href":"https:\/\/migracao.redenoticia.com.br\/noticia\/wp-json\/wp\/v2\/users\/2"}],"replies":[{"embeddable":true,"href":"https:\/\/migracao.redenoticia.com.br\/noticia\/wp-json\/wp\/v2\/comments?post=733"}],"version-history":[{"count":0,"href":"https:\/\/migracao.redenoticia.com.br\/noticia\/wp-json\/wp\/v2\/posts\/733\/revisions"}],"wp:attachment":[{"href":"https:\/\/migracao.redenoticia.com.br\/noticia\/wp-json\/wp\/v2\/media?parent=733"}],"wp:term":[{"taxonomy":"category","embeddable":true,"href":"https:\/\/migracao.redenoticia.com.br\/noticia\/wp-json\/wp\/v2\/categories?post=733"},{"taxonomy":"post_tag","embeddable":true,"href":"https:\/\/migracao.redenoticia.com.br\/noticia\/wp-json\/wp\/v2\/tags?post=733"}],"curies":[{"name":"wp","href":"https:\/\/api.w.org\/{rel}","templated":true}]}}