{"id":73311,"date":"2015-07-29T16:00:41","date_gmt":"2015-07-29T19:00:41","guid":{"rendered":"http:\/\/www.redenoticia.com.br\/noticia\/?p=73311"},"modified":"2015-07-29T16:00:41","modified_gmt":"2015-07-29T19:00:41","slug":"vestibular-fuvest-2016-tem-inscricoes-abertas-para-isencao-da-taxa","status":"publish","type":"post","link":"https:\/\/migracao.redenoticia.com.br\/noticia\/2015\/vestibular-fuvest-2016-tem-inscricoes-abertas-para-isencao-da-taxa\/73311","title":{"rendered":"Vestibular Fuvest 2016 tem inscri\u00e7\u00f5es abertas para isen\u00e7\u00e3o da taxa"},"content":{"rendered":"<p>Estudantes interessados em prestar o <em><strong>vestibular da Fuvest 2016<\/strong><\/em> (Funda\u00e7\u00e3o Universit\u00e1ria para o Vestibular) j\u00e1 podem fazer seu pedido de isen\u00e7\u00e3o da taxa. Os interessados precisam se cadastrar como usu\u00e1rio no  at\u00e9 10 de agosto. Ap\u00f3s esse processo, o candidato deve seguir as instru\u00e7\u00f5es para pedir o benef\u00edcio.<\/p>\n<p>Podem receber isen\u00e7\u00e3o total da taxa os vestibulandos com renda familiar de, no m\u00e1ximo, $ 1.182,00 por pessoa. Para ter desconto de 50% do valor da taxa, a renda per capita do domic\u00edlio deve estar na faixa de R$ 1.182,01 a R$ 2.206,00.<\/p>\n<p>Al\u00e9m da comprova\u00e7\u00e3o da renda, os candidatos devem morar no pa\u00eds e precisam ter cursado Ensino M\u00e9dio completo em escola p\u00fablica no Brasil.<\/p>\n<p>O valor da taxa do vestibular ainda ser\u00e1 definido pelos \u00f3rg\u00e3os superiores da USP. No ano passado ela foi de R$ 145,00. A Fuvest seleciona alunos para a USP (Universidade de S\u00e3o Paulo) e para a Faculdade de Ci\u00eancias M\u00e9dicas da Santa Casa de S\u00e3o Paulo.<\/p>\n<p>Do Portal do Governo do Estado<\/p>\n","protected":false},"excerpt":{"rendered":"<p>Estudantes interessados em prestar o vestibular da Fuvest 2016 (Funda\u00e7\u00e3o Universit\u00e1ria para o Vestibular) j\u00e1 podem fazer seu pedido de isen\u00e7\u00e3o da taxa. Os interessados precisam se cadastrar como usu\u00e1rio no at\u00e9 10 de agosto. Ap\u00f3s esse processo, o candidato deve seguir as instru\u00e7\u00f5es para pedir o benef\u00edcio. Podem receber isen\u00e7\u00e3o total da taxa os [&hellip;]<\/p>\n","protected":false},"author":2,"featured_media":34896,"comment_status":"open","ping_status":"closed","sticky":false,"template":"","format":"standard","meta":{"tdm_status":"","tdm_grid_status":"","footnotes":""},"categories":[22,370,295],"tags":[],"class_list":{"0":"post-73311","1":"post","2":"type-post","3":"status-publish","4":"format-standard","5":"has-post-thumbnail","7":"category-brasil","8":"category-inscricao","9":"category-vestibular"},"_links":{"self":[{"href":"https:\/\/migracao.redenoticia.com.br\/noticia\/wp-json\/wp\/v2\/posts\/73311","targetHints":{"allow":["GET"]}}],"collection":[{"href":"https:\/\/migracao.redenoticia.com.br\/noticia\/wp-json\/wp\/v2\/posts"}],"about":[{"href":"https:\/\/migracao.redenoticia.com.br\/noticia\/wp-json\/wp\/v2\/types\/post"}],"author":[{"embeddable":true,"href":"https:\/\/migracao.redenoticia.com.br\/noticia\/wp-json\/wp\/v2\/users\/2"}],"replies":[{"embeddable":true,"href":"https:\/\/migracao.redenoticia.com.br\/noticia\/wp-json\/wp\/v2\/comments?post=73311"}],"version-history":[{"count":0,"href":"https:\/\/migracao.redenoticia.com.br\/noticia\/wp-json\/wp\/v2\/posts\/73311\/revisions"}],"wp:featuredmedia":[{"embeddable":true,"href":"https:\/\/migracao.redenoticia.com.br\/noticia\/wp-json\/wp\/v2\/media\/34896"}],"wp:attachment":[{"href":"https:\/\/migracao.redenoticia.com.br\/noticia\/wp-json\/wp\/v2\/media?parent=73311"}],"wp:term":[{"taxonomy":"category","embeddable":true,"href":"https:\/\/migracao.redenoticia.com.br\/noticia\/wp-json\/wp\/v2\/categories?post=73311"},{"taxonomy":"post_tag","embeddable":true,"href":"https:\/\/migracao.redenoticia.com.br\/noticia\/wp-json\/wp\/v2\/tags?post=73311"}],"curies":[{"name":"wp","href":"https:\/\/api.w.org\/{rel}","templated":true}]}}