{"id":7338,"date":"2009-08-03T11:42:34","date_gmt":"2009-08-03T15:42:34","guid":{"rendered":"http:\/\/www.redenoticia.com.br\/noticia\/?p=7338"},"modified":"2009-08-03T15:02:59","modified_gmt":"2009-08-03T19:02:59","slug":"uso-frequente-de-microcomputador-pode-provocar-fotofobia","status":"publish","type":"post","link":"https:\/\/migracao.redenoticia.com.br\/noticia\/2009\/uso-frequente-de-microcomputador-pode-provocar-fotofobia\/7338","title":{"rendered":"Uso freq\u00fcente de microcomputador pode provocar fotofobia"},"content":{"rendered":"<p><a href=\"https:\/\/migracao.redenoticia.com.br\/noticia\/imagens\/\/fobia.jpg\"><img loading=\"lazy\" decoding=\"async\" class=\"alignleft size-medium wp-image-7386\" title=\"fobia\" src=\"https:\/\/migracao.redenoticia.com.br\/noticia\/imagens\/\/fobia-249x187.jpg\" alt=\"fobia\" width=\"249\" height=\"187\" \/><\/a>A hipersensibilidade \u00e0 luz \u00e9 cada vez mais comum em pessoas que passam horas em frente \u00e0 tela do computador. Conhecida como fotofobia, essa intoler\u00e2ncia prejudica a qualidade de vida do indiv\u00edduo, al\u00e9m de provocar desconforto e, eventualmente, enxaqueca. De acordo com Wilmar Silvino, oftalmologista do Complexo Hospitalar Edmundo Vasconcelos, o agente causal da fotofobia n\u00e3o \u00e9 o computador, mas a perman\u00eancia excessiva diante da tela faz com que doen\u00e7a se manifeste.<\/p>\n<p>A fotofobia pode, tamb\u00e9m,\u00a0ocorrer como resultado de altera\u00e7\u00f5es do sistema ocular e de outros sistemas. As altera\u00e7\u00f5es\u00a0mais freq\u00fcentes que levam \u00e0 fotofobia\u00a0s\u00e3o dores de cabe\u00e7a freq\u00fcente, noites mal dormidas, uso de \u00f3culos inadequados e tarefas que exigem aten\u00e7\u00e3o ocular para perto como, por exemplo, a utiliza\u00e7\u00e3o de computadores.<\/p>\n<p>\u201cNo caso do uso excessivo do computador \u00e9 importante que a pessoa fa\u00e7a intervalos de alguns minutos a cada 2 horas\u201d, acrescenta o especialista, que tamb\u00e9m ressalta a necessidade de a tela do equipamento ficar na altura do nariz com dist\u00e2ncia de 50 cent\u00edmetros do aparelho. Com o esfor\u00e7o em frente \u00e0 tela do monitor, a pessoa pisca menos, o que diminui a lubrifica\u00e7\u00e3o dos olhos. &#8220;Piscando menos, os olhos ficam secos por evapora\u00e7\u00e3o excessiva da l\u00e1grima\u201d, diz o m\u00e9dico.<\/p>\n<p>Pessoas de pele ou olhos claros podem apresentar a fotofobia por falta de melanina e devem tomar mais cuidado, usando diariamente \u00f3culos de lentes escuras, principalmente em locais ensolarados. De maneira geral a doen\u00e7a pode comprometer a rotina do individuo, impedindo-o de fazer atividades como dirigir, caminhar durante o dia, tomar sol, assistir TV, trabalhar em frente \u00e0 tela do computador, entre outras.<\/p>\n<p>O tratamento para a fotofobia \u00e9 vari\u00e1vel, pois depende da causa que a gerou. Em casos originados a partir de doen\u00e7as, \u00e9 importante trat\u00e1-la o quanto antes. Mas h\u00e1 casos em que n\u00e3o h\u00e1 nenhum tipo de doen\u00e7a e sim um excesso de sensibilidade. \u201cQuando isso acontece \u00e9 fundamental que a pessoa se habitue \u00e0 claridade ou utilize lentes\/\u00f3culos que protejam os olhos contra a claridade\u201d, finaliza o m\u00e9dico.<\/p>\n<p><strong>Veja como usu\u00e1rios de computador podem prevenir a fotofobia<\/strong><\/p>\n<p>&#8211; Fa\u00e7a um descanso de 10 minutos a cada uma hora de trabalho.<br \/>\n&#8211; Evite colocar o monitor em uma posi\u00e7\u00e3o em que alguma janela fique de frente para seu olhar.<br \/>\n&#8211; Use o monitor do computador abaixo da linha do horizonte de vis\u00e3o.<br \/>\n&#8211; Pessoas com predisposi\u00e7\u00e3o devem usar l\u00e1grimas artificiais (col\u00edrios) ou umidificar o ambiente.<br \/>\n&#8211; Mantenha uma dist\u00e2ncia de 50cm da tela do monitor.<\/p>\n<p>&#8211; O uso de lentes de contato pede lubrifica\u00e7\u00e3o extra dos olhos.<\/p>\n<p><strong>O Complexo Hospitalar Edmundo Vasconcelos, localizado em S\u00e3o Paulo, \u00e9 um dos maiores do Pa\u00eds, conta com cerca de 780 m\u00e9dicos e atua em 44 especialidades. Realiza anualmente cerca de 10 mil cirurgias, 12 mil interna\u00e7\u00f5es, 200 mil consultas ambulatoriais e 110 mil atendimentos de Pronto-Socorro. <\/strong><\/p>\n<p><strong> <\/strong><\/p>\n<p><strong>Complexo Hospitalar Edmundo Vasconcelos<\/strong><\/p>\n<p><strong>Rua Borges Lagoa, 1.450 \u2013 Vila Clementino, zona sul de S\u00e3o Paulo<\/strong><br \/>\n<strong><a title=\"http:\/\/www.hpev.com.br\/\" href=\"http:\/\/tr2.virtualtarget.com.br\/index.dma\/DmaClick?1194,5551,18381,26821,d9c3e75436f10a3d74f518ca3e59070a,aHR0cDovL3d3dy5ocGV2LmNvbS5ici8=,2\" target=\"_blank\">www.hpev.com.br<\/a><\/strong><\/p>\n","protected":false},"excerpt":{"rendered":"<p>A hipersensibilidade \u00e0 luz \u00e9 cada vez mais comum em pessoas que passam horas em frente \u00e0 tela do computador. Conhecida como fotofobia, essa intoler\u00e2ncia prejudica a qualidade de vida do indiv\u00edduo, al\u00e9m de provocar desconforto e, eventualmente, enxaqueca. De acordo com Wilmar Silvino, oftalmologista do Complexo Hospitalar Edmundo Vasconcelos, o agente causal da fotofobia [&hellip;]<\/p>\n","protected":false},"author":2,"featured_media":0,"comment_status":"open","ping_status":"open","sticky":false,"template":"","format":"standard","meta":{"tdm_status":"","tdm_grid_status":"","footnotes":""},"categories":[5],"tags":[],"class_list":{"0":"post-7338","1":"post","2":"type-post","3":"status-publish","4":"format-standard","6":"category-saude-e-vida"},"_links":{"self":[{"href":"https:\/\/migracao.redenoticia.com.br\/noticia\/wp-json\/wp\/v2\/posts\/7338","targetHints":{"allow":["GET"]}}],"collection":[{"href":"https:\/\/migracao.redenoticia.com.br\/noticia\/wp-json\/wp\/v2\/posts"}],"about":[{"href":"https:\/\/migracao.redenoticia.com.br\/noticia\/wp-json\/wp\/v2\/types\/post"}],"author":[{"embeddable":true,"href":"https:\/\/migracao.redenoticia.com.br\/noticia\/wp-json\/wp\/v2\/users\/2"}],"replies":[{"embeddable":true,"href":"https:\/\/migracao.redenoticia.com.br\/noticia\/wp-json\/wp\/v2\/comments?post=7338"}],"version-history":[{"count":0,"href":"https:\/\/migracao.redenoticia.com.br\/noticia\/wp-json\/wp\/v2\/posts\/7338\/revisions"}],"wp:attachment":[{"href":"https:\/\/migracao.redenoticia.com.br\/noticia\/wp-json\/wp\/v2\/media?parent=7338"}],"wp:term":[{"taxonomy":"category","embeddable":true,"href":"https:\/\/migracao.redenoticia.com.br\/noticia\/wp-json\/wp\/v2\/categories?post=7338"},{"taxonomy":"post_tag","embeddable":true,"href":"https:\/\/migracao.redenoticia.com.br\/noticia\/wp-json\/wp\/v2\/tags?post=7338"}],"curies":[{"name":"wp","href":"https:\/\/api.w.org\/{rel}","templated":true}]}}