{"id":7340,"date":"2009-08-03T11:45:56","date_gmt":"2009-08-03T15:45:56","guid":{"rendered":"http:\/\/www.redenoticia.com.br\/noticia\/?p=7340"},"modified":"2009-08-03T11:45:56","modified_gmt":"2009-08-03T15:45:56","slug":"clima-tempo-tarde-de-sol-e-pancadas-de-chuva-na-grande-sao-paulo","status":"publish","type":"post","link":"https:\/\/migracao.redenoticia.com.br\/noticia\/2009\/clima-tempo-tarde-de-sol-e-pancadas-de-chuva-na-grande-sao-paulo\/7340","title":{"rendered":"Clima tempo: tarde de sol e pancadas de chuva na grande S\u00e3o Paulo"},"content":{"rendered":"<p>Nos pr\u00f3ximos dias ar seco ganha for\u00e7a e inibe a forma\u00e7\u00e3o de nuvens de chuva, segundo a Climatempo. \u00c1reas de instabilidade de uma frente fria deixam o c\u00e9u com muitas nuvens, alternando per\u00edodos de sol e r\u00e1pidas pancadas de chuva na Grande S\u00e3o Paulo e no litoral paulista nesta tarde de segunda-feira. A temperatura m\u00e1xima prevista hoje para a capital \u00e9 de 23\u00b0C. Na Baixada Santista, a temperatura sobe um pouco mais, m\u00e1xima de 26\u00b0C.\u00a0<\/p>\n<p>Nos pr\u00f3ximos dias, o sol volta a predominar sobre S\u00e3o Paulo. \u00c9 que uma massa de ar seco que atua na regi\u00e3o central do Brasil ganha for\u00e7a sobre o Estado e vai inibir a forma\u00e7\u00e3o de nuvens de chuva, de acordo com a Climatempo.<\/p>\n<p>Sobre o Grupo Climatempo<\/p>\n<p>O Grupo Climatempo \u00e9 a maior empresa privada de meteorologia do pa\u00eds. Uma holding formada pela Climatempo Consultoria, Ag\u00eancia Climatempo, a TV Climatempo e a CLIMANET (Internet, servi\u00e7os de tecnologia e inform\u00e1tica). Atualmente, o Grupo Climatempo fornece conte\u00fado para os principais portais do pa\u00eds, mais de 50 retransmissoras de televis\u00e3o do Brasil, r\u00e1dios e tem cerca de mil clientes. Os dois principais segmentos atendidos s\u00e3o o de agroneg\u00f3cios e meios de comunica\u00e7\u00e3o. Al\u00e9m destes, fornece conte\u00fado meteorol\u00f3gico estrat\u00e9gico para produtoras, a ind\u00fastria eletroeletr\u00f4nica e t\u00eaxtil, com\u00e9rcio, moda e turismo, constru\u00e7\u00e3o civil, setor de energia, entre outros setores.<\/p>\n","protected":false},"excerpt":{"rendered":"<p>Nos pr\u00f3ximos dias ar seco ganha for\u00e7a e inibe a forma\u00e7\u00e3o de nuvens de chuva, segundo a Climatempo. \u00c1reas de instabilidade de uma frente fria deixam o c\u00e9u com muitas nuvens, alternando per\u00edodos de sol e r\u00e1pidas pancadas de chuva na Grande S\u00e3o Paulo e no litoral paulista nesta tarde de segunda-feira. A temperatura m\u00e1xima [&hellip;]<\/p>\n","protected":false},"author":3,"featured_media":0,"comment_status":"open","ping_status":"open","sticky":false,"template":"","format":"standard","meta":{"tdm_status":"","tdm_grid_status":"","footnotes":""},"categories":[22,327],"tags":[],"class_list":{"0":"post-7340","1":"post","2":"type-post","3":"status-publish","4":"format-standard","6":"category-brasil","7":"category-clima"},"_links":{"self":[{"href":"https:\/\/migracao.redenoticia.com.br\/noticia\/wp-json\/wp\/v2\/posts\/7340","targetHints":{"allow":["GET"]}}],"collection":[{"href":"https:\/\/migracao.redenoticia.com.br\/noticia\/wp-json\/wp\/v2\/posts"}],"about":[{"href":"https:\/\/migracao.redenoticia.com.br\/noticia\/wp-json\/wp\/v2\/types\/post"}],"author":[{"embeddable":true,"href":"https:\/\/migracao.redenoticia.com.br\/noticia\/wp-json\/wp\/v2\/users\/3"}],"replies":[{"embeddable":true,"href":"https:\/\/migracao.redenoticia.com.br\/noticia\/wp-json\/wp\/v2\/comments?post=7340"}],"version-history":[{"count":0,"href":"https:\/\/migracao.redenoticia.com.br\/noticia\/wp-json\/wp\/v2\/posts\/7340\/revisions"}],"wp:attachment":[{"href":"https:\/\/migracao.redenoticia.com.br\/noticia\/wp-json\/wp\/v2\/media?parent=7340"}],"wp:term":[{"taxonomy":"category","embeddable":true,"href":"https:\/\/migracao.redenoticia.com.br\/noticia\/wp-json\/wp\/v2\/categories?post=7340"},{"taxonomy":"post_tag","embeddable":true,"href":"https:\/\/migracao.redenoticia.com.br\/noticia\/wp-json\/wp\/v2\/tags?post=7340"}],"curies":[{"name":"wp","href":"https:\/\/api.w.org\/{rel}","templated":true}]}}