{"id":7342,"date":"2009-08-03T11:49:47","date_gmt":"2009-08-03T15:49:47","guid":{"rendered":"http:\/\/www.redenoticia.com.br\/noticia\/?p=7342"},"modified":"2009-08-03T11:50:27","modified_gmt":"2009-08-03T15:50:27","slug":"climatempo-alerta-para-mar-agitado-no-litoral-do-sul-e-geada-no-parana","status":"publish","type":"post","link":"https:\/\/migracao.redenoticia.com.br\/noticia\/2009\/climatempo-alerta-para-mar-agitado-no-litoral-do-sul-e-geada-no-parana\/7342","title":{"rendered":"Climatempo alerta para mar agitado no litoral do Sul e geada no Paran\u00e1"},"content":{"rendered":"<p>Climatempo: Nesta segunda-feira, um ciclone extratropical em alto mar se afasta para o oceano, mas ainda deixa \u00e1reas de instabilidade sobre o leste ga\u00facho. O mar fica agitado com ondas de 1,5m. As rajadas de vento podem alcan\u00e7ar 80km\/h no litoral do Rio Grande do Sul e de Santa Catarina. A perman\u00eancia de nuvens carregadas sobre o leste de Santa Catarina provocam pancadas de chuva. \u00a0Amanh\u00e3, o sol aparece em toda a Regi\u00e3o Sul, exceto no litoral do Paran\u00e1 onde h\u00e1 muita nebulosidade espalhada e possibilidade de chuvisco. O sol aparece entre muitas nuvens em Florian\u00f3polis, Vale do Itaja\u00ed e Curitiba, mas n\u00e3o chove. A madrugada promete ser fria. Uma massa de ar frio polar provoca geada ao amanhecer no interior do Rio Grande do Sul, na serra ga\u00facha e catarinense e no sul do Paran\u00e1. As demais \u00e1reas seguem com tempo firme.<br \/>\nFim de semana de chuva e estragos em Santa Catarina<\/p>\n<p>O fim de semana foi de muita chuva em Santa Catarina. Segundo dados do EPAGRI (Empresa de Pesquisa Agropecu\u00e1ria e Extens\u00e3o Rural de Santa Catarina) e do CIRAM (Centro de Recursos Ambientais e Hidrometeorologia de Santa Catarina), a regi\u00e3o de Ituporanga, no Alto Vale do Itaja\u00ed registrou quase 80mm entre a meia-noite do dia 31 de julho e \u00e0s 7h deste \u00faltimo domingo, dia 2 de agosto. Na Grande Florian\u00f3polis foram quase 60 mm em S\u00e3o Jos\u00e9, durante o mesmo intervalo de tempo. Em Itaja\u00ed &#8211; regi\u00e3o do Litoral Norte e M\u00e9dio Vale &#8211; o volume acumulado no mesmo per\u00edodo ultrapassou os 100 mm. Em Joa\u00e7aba e em Ca\u00e7ador, no Meio Oeste e Vale do Rio do Peixe, os pluvi\u00f4metros acumularam mais de 120 mm. Grandes volumes tamb\u00e9m foram acumulados em S\u00e3o Miguel D&#8217;Oeste, no oeste catarinense: 95 mm de chuva. No Planalto Norte, a regi\u00e3o de Rio Negrinho registrou mais de 80 mm, enquanto no Planalto Sul, a regi\u00e3o de Urubici acumulou 66 mm de chuva.<\/p>\n<p>Na quarta-feira, uma nova frente fria provoca aumento de nuvens e pancadas de chuva no per\u00edodo da manh\u00e3 e a tarde em Santa Maria. \u00c0 noite, a chuva chega a Porto Alegre. Nas \u00e1reas de serra e no sul do Paran\u00e1 ainda h\u00e1 previs\u00e3o de geada nas primeiras horas da manh\u00e3. Nas demais \u00e1reas o tempo segue firme.<\/p>\n<p>Sobre o Grupo Climatempo<\/p>\n<p>O Grupo Climatempo \u00e9 a maior empresa privada de meteorologia do pa\u00eds. Uma holding formada pela Climatempo Consultoria, Ag\u00eancia Climatempo, a TV Climatempo e a CLIMANET (Internet, servi\u00e7os de tecnologia e inform\u00e1tica). Atualmente, o Grupo Climatempo fornece conte\u00fado para os principais portais do pa\u00eds, mais de 50 retransmissoras de televis\u00e3o do Brasil, r\u00e1dios e tem cerca de mil clientes. Os dois principais segmentos atendidos s\u00e3o o de agroneg\u00f3cios e meios de comunica\u00e7\u00e3o. Al\u00e9m destes, fornece conte\u00fado meteorol\u00f3gico estrat\u00e9gico para produtoras, a ind\u00fastria eletroeletr\u00f4nica e t\u00eaxtil, com\u00e9rcio, moda e turismo, constru\u00e7\u00e3o civil, setor de energia, entre outros setores.<\/p>\n","protected":false},"excerpt":{"rendered":"<p>Climatempo: Nesta segunda-feira, um ciclone extratropical em alto mar se afasta para o oceano, mas ainda deixa \u00e1reas de instabilidade sobre o leste ga\u00facho. O mar fica agitado com ondas de 1,5m. As rajadas de vento podem alcan\u00e7ar 80km\/h no litoral do Rio Grande do Sul e de Santa Catarina. A perman\u00eancia de nuvens carregadas [&hellip;]<\/p>\n","protected":false},"author":3,"featured_media":0,"comment_status":"open","ping_status":"open","sticky":false,"template":"","format":"standard","meta":{"tdm_status":"","tdm_grid_status":"","footnotes":""},"categories":[22,327],"tags":[],"class_list":{"0":"post-7342","1":"post","2":"type-post","3":"status-publish","4":"format-standard","6":"category-brasil","7":"category-clima"},"_links":{"self":[{"href":"https:\/\/migracao.redenoticia.com.br\/noticia\/wp-json\/wp\/v2\/posts\/7342","targetHints":{"allow":["GET"]}}],"collection":[{"href":"https:\/\/migracao.redenoticia.com.br\/noticia\/wp-json\/wp\/v2\/posts"}],"about":[{"href":"https:\/\/migracao.redenoticia.com.br\/noticia\/wp-json\/wp\/v2\/types\/post"}],"author":[{"embeddable":true,"href":"https:\/\/migracao.redenoticia.com.br\/noticia\/wp-json\/wp\/v2\/users\/3"}],"replies":[{"embeddable":true,"href":"https:\/\/migracao.redenoticia.com.br\/noticia\/wp-json\/wp\/v2\/comments?post=7342"}],"version-history":[{"count":0,"href":"https:\/\/migracao.redenoticia.com.br\/noticia\/wp-json\/wp\/v2\/posts\/7342\/revisions"}],"wp:attachment":[{"href":"https:\/\/migracao.redenoticia.com.br\/noticia\/wp-json\/wp\/v2\/media?parent=7342"}],"wp:term":[{"taxonomy":"category","embeddable":true,"href":"https:\/\/migracao.redenoticia.com.br\/noticia\/wp-json\/wp\/v2\/categories?post=7342"},{"taxonomy":"post_tag","embeddable":true,"href":"https:\/\/migracao.redenoticia.com.br\/noticia\/wp-json\/wp\/v2\/tags?post=7342"}],"curies":[{"name":"wp","href":"https:\/\/api.w.org\/{rel}","templated":true}]}}