{"id":735,"date":"2009-04-21T17:40:13","date_gmt":"2009-04-21T21:40:13","guid":{"rendered":"http:\/\/www.redenoticia.com.br\/noticia\/2009\/04\/ccj-do-senado-discute-reduo-da-maioridade-penal-nesta-quarta-feira\/"},"modified":"2011-03-08T10:49:13","modified_gmt":"2011-03-08T14:49:13","slug":"ccj-do-senado-discute-reduo-da-maioridade-penal-nesta-quarta-feira","status":"publish","type":"post","link":"https:\/\/migracao.redenoticia.com.br\/noticia\/2009\/ccj-do-senado-discute-reduo-da-maioridade-penal-nesta-quarta-feira\/735","title":{"rendered":"CCJ do Senado discute redu&ccedil;&atilde;o da maioridade penal nesta quarta-feira"},"content":{"rendered":"<p>&#160;<\/p>\n<p><a href=\"http:\/\/www.agenciabrasil.gov.br\/media\/imagens\/2007\/07\/11\/1630VC105.JPG\/view\"><img loading=\"lazy\" decoding=\"async\" title=\"clip_image002\" style=\"border-right: 0px; border-top: 0px; display: inline; margin: 0px 25px 0px 0px; border-left: 0px; border-bottom: 0px\" height=\"151\" alt=\"clip_image002\" src=\"https:\/\/migracao.redenoticia.com.br\/noticia\/imagens\/clip_image0023.jpg\" width=\"240\" align=\"left\" border=\"0\" \/><\/a><\/p>\n<p>A Comiss\u00e3o de Constitui\u00e7\u00e3o e Justi\u00e7a do Senado (CCJ) deve votar nesta quarta-feira (22) substitutivo do senador C\u00e9sar Borges (PR-BA) sobre a proposta que fixa limite para as despesas das C\u00e2maras Municipais. Dependendo da receita anual do munic\u00edpio, esse limite ficaria em at\u00e9 4,5%.   <br \/>Outra proposta que aguarda vota\u00e7\u00e3o na CCJ \u00e9 a que reduz para 16 anos a maioridade penal. Uma das emendas que ser\u00e3o analisadas \u00e9 a que reduz a maioridade penal, menos para jovens que cometerem crimes hediondos.    <br \/>J\u00e1 a Comiss\u00e3o de Educa\u00e7\u00e3o, Cultura e Esporte far\u00e1 audi\u00eancia p\u00fablica para avaliar o Programa de Apoio a Planos de Reestrutura\u00e7\u00e3o e Expans\u00e3o das Universidades Federais (Reuni).    <br \/>No Plen\u00e1rio do Senado, aguarda vota\u00e7\u00e3o na pauta a medida provis\u00f3ria 449\/08, que perdoa as d\u00edvidas de at\u00e9 R$ 10 mil com a Receita Federal. A MP tamb\u00e9m cria novas regras para parcelamentos de d\u00e9bitos de tributos federais. Outra proposta que deve ser votada pelos senadores \u00e9 a que corrige a tabela do Imposto de Renda das pessoas f\u00edsicas e cria duas novas al\u00edquotas.    <br \/>Nesta quarta-feira (22) deve chegar ao Congresso a medida provis\u00f3ria com as regras para transfer\u00eancia de recursos adicionais de R$ 1 bilh\u00e3o para as prefeituras. A ajuda do governo veio depois que prefeitos reclamaram de dificuldades no or\u00e7amento por causa da queda no valor do repasse do Fundo de Participa\u00e7\u00e3o dos Munic\u00edpios (FPM).    <br \/>Na C\u00e2mara, pauta trancada por quatro medidas provis\u00f3rias. Entre elas, a que inclui os alunos do ensino m\u00e9dio e da educa\u00e7\u00e3o infantil no programa federal de transporte escolar e os estudantes do ensino m\u00e9dio no programa de merenda escolar e, ainda, a que reajustou o sal\u00e1rio m\u00ednimo de R$ 415 para R$ 465 em 1\u00ba de fevereiro deste ano. Outra medida provis\u00f3ria que tranca a pauta da C\u00e2mara \u00e9 a que permite aos munic\u00edpios e a suas autarquias e funda\u00e7\u00f5es parcelarem em at\u00e9 20 anos os d\u00e9bitos com o Instituto Nacional do Seguro Social (INSS).<\/p>\n<p>Priscilla Mazenotti    <br \/><i>Rep\u00f3rter da Ag\u00eancia Brasil<\/i><\/p>\n","protected":false},"excerpt":{"rendered":"<p>&#160; A Comiss\u00e3o de Constitui\u00e7\u00e3o e Justi\u00e7a do Senado (CCJ) deve votar nesta quarta-feira (22) substitutivo do senador C\u00e9sar Borges (PR-BA) sobre a proposta que fixa limite para as despesas das C\u00e2maras Municipais. Dependendo da receita anual do munic\u00edpio, esse limite ficaria em at\u00e9 4,5%. Outra proposta que aguarda vota\u00e7\u00e3o na CCJ \u00e9 a que [&hellip;]<\/p>\n","protected":false},"author":2,"featured_media":0,"comment_status":"open","ping_status":"open","sticky":false,"template":"","format":"standard","meta":{"tdm_status":"","tdm_grid_status":"","footnotes":""},"categories":[22],"tags":[],"class_list":{"0":"post-735","1":"post","2":"type-post","3":"status-publish","4":"format-standard","6":"category-brasil"},"_links":{"self":[{"href":"https:\/\/migracao.redenoticia.com.br\/noticia\/wp-json\/wp\/v2\/posts\/735","targetHints":{"allow":["GET"]}}],"collection":[{"href":"https:\/\/migracao.redenoticia.com.br\/noticia\/wp-json\/wp\/v2\/posts"}],"about":[{"href":"https:\/\/migracao.redenoticia.com.br\/noticia\/wp-json\/wp\/v2\/types\/post"}],"author":[{"embeddable":true,"href":"https:\/\/migracao.redenoticia.com.br\/noticia\/wp-json\/wp\/v2\/users\/2"}],"replies":[{"embeddable":true,"href":"https:\/\/migracao.redenoticia.com.br\/noticia\/wp-json\/wp\/v2\/comments?post=735"}],"version-history":[{"count":0,"href":"https:\/\/migracao.redenoticia.com.br\/noticia\/wp-json\/wp\/v2\/posts\/735\/revisions"}],"wp:attachment":[{"href":"https:\/\/migracao.redenoticia.com.br\/noticia\/wp-json\/wp\/v2\/media?parent=735"}],"wp:term":[{"taxonomy":"category","embeddable":true,"href":"https:\/\/migracao.redenoticia.com.br\/noticia\/wp-json\/wp\/v2\/categories?post=735"},{"taxonomy":"post_tag","embeddable":true,"href":"https:\/\/migracao.redenoticia.com.br\/noticia\/wp-json\/wp\/v2\/tags?post=735"}],"curies":[{"name":"wp","href":"https:\/\/api.w.org\/{rel}","templated":true}]}}