{"id":73541,"date":"2015-08-04T14:19:49","date_gmt":"2015-08-04T17:19:49","guid":{"rendered":"http:\/\/www.redenoticia.com.br\/noticia\/?p=73541"},"modified":"2015-08-04T14:19:49","modified_gmt":"2015-08-04T17:19:49","slug":"feira-de-profissoes-da-usp-ocorre-de-6-a-8-de-agosto","status":"publish","type":"post","link":"https:\/\/migracao.redenoticia.com.br\/noticia\/2015\/feira-de-profissoes-da-usp-ocorre-de-6-a-8-de-agosto\/73541","title":{"rendered":"Feira de Profiss\u00f5es da USP ocorre de 6 a 8 de agosto"},"content":{"rendered":"<p>Ag\u00eancia FAPESP \u2013 A Pr\u00f3-Reitoria de Cultura e Extens\u00e3o Universit\u00e1ria (PRCEU) da Universidade de S\u00e3o Paulo (USP) realiza a 9\u00aa <em><strong>Feira de Profiss\u00f5es da USP<\/strong><\/em>, entre os dias 6 e 9 de agosto, no Parque de Ci\u00eancia e Tecnologia (Parque CienTec). A entrada \u00e9 gratuita e, para participar, estudantes e escolas dever\u00e3o se inscrever pelo site da .<\/p>\n<p>Realizada anualmente, a Feira faz parte do Programa \u201cUSP e as Profiss\u00f5es\u201d, sendo uma oportunidade para os estudantes de ensino m\u00e9dio e vestibulandos conversarem com professores e alunos da universidade sobre os cursos de gradua\u00e7\u00e3o oferecidos pela institui\u00e7\u00e3o, tanto na capital como no interior, orientando-os na importante tarefa de optar por uma carreira profissional.<\/p>\n<p>A feira oferece tamb\u00e9m informa\u00e7\u00f5es sobre o vestibular, os programas de apoio \u00e0 perman\u00eancia estudantil da universidade (moradia, alimenta\u00e7\u00e3o etc.) e o mercado de trabalho. Na edi\u00e7\u00e3o de 2014, o evento recebeu cerca de 50 mil visitantes.<\/p>\n<p>Neste ano, os estandes das Unidades de Ensino e Pesquisa da USP estar\u00e3o organizados por \u00e1reas: Ci\u00eancias Biol\u00f3gicas, Exatas e Humanas, para facilitar a visita\u00e7\u00e3o e a procura pelos cursos. Outras novidades s\u00e3o o \u201cEspa\u00e7o do Educador\u201d e o \u201cEspa\u00e7o Difus\u00e3o de Arte e Ci\u00eancia\u201d.<\/p>\n<p>Como a Feira \u00e9 realizada no Parque CienTec, os visitantes tamb\u00e9m poder\u00e3o conhecer as atividades oferecidas pelo centro de cultura: o Museu de Meteorologia, a Trilha dos Ecossistemas e do Lago, a Oficina de Solo, o Jardim da F\u00edsica \u2013 Girosc\u00f3pio e Bicicleta Voadora, o Espa\u00e7o Geof\u00edsica, o Telesc\u00f3pio \u2013, Luneta e o Laborat\u00f3rio de Microscopia.<\/p>\n<p>O hor\u00e1rio de visita \u00e9 das 9h00 \u00e0s 17h00. O Parque CienTec est\u00e1 localizado na Avenida Miguel St\u00e9fano, 4.200, na \u00c1gua Funda, vizinho ao Jardim Bot\u00e2nico e ao Jardim Zool\u00f3gico, em S\u00e3o Paulo.<\/p>\n","protected":false},"excerpt":{"rendered":"<p>Ag\u00eancia FAPESP \u2013 A Pr\u00f3-Reitoria de Cultura e Extens\u00e3o Universit\u00e1ria (PRCEU) da Universidade de S\u00e3o Paulo (USP) realiza a 9\u00aa Feira de Profiss\u00f5es da USP, entre os dias 6 e 9 de agosto, no Parque de Ci\u00eancia e Tecnologia (Parque CienTec). A entrada \u00e9 gratuita e, para participar, estudantes e escolas dever\u00e3o se inscrever pelo [&hellip;]<\/p>\n","protected":false},"author":2,"featured_media":34864,"comment_status":"open","ping_status":"closed","sticky":false,"template":"","format":"standard","meta":{"tdm_status":"","tdm_grid_status":"","footnotes":""},"categories":[22,370,295],"tags":[],"class_list":{"0":"post-73541","1":"post","2":"type-post","3":"status-publish","4":"format-standard","5":"has-post-thumbnail","7":"category-brasil","8":"category-inscricao","9":"category-vestibular"},"_links":{"self":[{"href":"https:\/\/migracao.redenoticia.com.br\/noticia\/wp-json\/wp\/v2\/posts\/73541","targetHints":{"allow":["GET"]}}],"collection":[{"href":"https:\/\/migracao.redenoticia.com.br\/noticia\/wp-json\/wp\/v2\/posts"}],"about":[{"href":"https:\/\/migracao.redenoticia.com.br\/noticia\/wp-json\/wp\/v2\/types\/post"}],"author":[{"embeddable":true,"href":"https:\/\/migracao.redenoticia.com.br\/noticia\/wp-json\/wp\/v2\/users\/2"}],"replies":[{"embeddable":true,"href":"https:\/\/migracao.redenoticia.com.br\/noticia\/wp-json\/wp\/v2\/comments?post=73541"}],"version-history":[{"count":0,"href":"https:\/\/migracao.redenoticia.com.br\/noticia\/wp-json\/wp\/v2\/posts\/73541\/revisions"}],"wp:featuredmedia":[{"embeddable":true,"href":"https:\/\/migracao.redenoticia.com.br\/noticia\/wp-json\/wp\/v2\/media\/34864"}],"wp:attachment":[{"href":"https:\/\/migracao.redenoticia.com.br\/noticia\/wp-json\/wp\/v2\/media?parent=73541"}],"wp:term":[{"taxonomy":"category","embeddable":true,"href":"https:\/\/migracao.redenoticia.com.br\/noticia\/wp-json\/wp\/v2\/categories?post=73541"},{"taxonomy":"post_tag","embeddable":true,"href":"https:\/\/migracao.redenoticia.com.br\/noticia\/wp-json\/wp\/v2\/tags?post=73541"}],"curies":[{"name":"wp","href":"https:\/\/api.w.org\/{rel}","templated":true}]}}