{"id":7358,"date":"2009-08-03T13:52:48","date_gmt":"2009-08-03T17:52:48","guid":{"rendered":"http:\/\/www.redenoticia.com.br\/noticia\/?p=7358"},"modified":"2009-08-05T13:08:14","modified_gmt":"2009-08-05T17:08:14","slug":"a-fazenda-da-rede-record-empata-em-primeiro-na-audiencia-com-reality-show-da-concorrencia","status":"publish","type":"post","link":"https:\/\/migracao.redenoticia.com.br\/noticia\/2009\/a-fazenda-da-rede-record-empata-em-primeiro-na-audiencia-com-reality-show-da-concorrencia\/7358","title":{"rendered":"A Fazenda da Rede Record empata em primeiro na audi\u00eancia com Reality Show da concorr\u00eancia"},"content":{"rendered":"<p><a href=\"https:\/\/migracao.redenoticia.com.br\/noticia\/imagens\/\/ro\u00e7a2.jpg\"><img loading=\"lazy\" decoding=\"async\" class=\"alignleft size-medium wp-image-7383\" title=\"ro\u00e7a\" src=\"https:\/\/migracao.redenoticia.com.br\/noticia\/imagens\/\/ro\u00e7a2-249x187.jpg\" alt=\"ro\u00e7a\" width=\"249\" height=\"187\" \/><\/a>Neste domingo de Ro\u00e7a, dia 02\/08, A Fazenda da Rede Record empatou em primeiro lugar de audi\u00eancia com o reality show da concorr\u00eancia durante o per\u00edodo de confronto das duas atra\u00e7\u00f5es, das 23h03 \u00e0s 23h59. A Fazenda da Rede Record registrou 16 pontos de m\u00e9dia e 30% de share.<\/p>\n<p>Durante seu per\u00edodo total de exibi\u00e7\u00e3o, das 21h45 \u00e0s 23h59, o reality show A Fazenda ficou por 37 minutos em primeiro lugar de audi\u00eancia. A atra\u00e7\u00e3o, comandada por Britto Jr.da Rede Record, registrou na m\u00e9dia geral o segundo lugar isolado com 14 pontos, pico de 19 e share de 24%.<\/p>\n<p>Ontem, o p\u00fablico votou em Fabiana Alvarez para deixar a disputa na Fazenda. Fabiana estava na Ro\u00e7a com Dado Dolabella e Danni Carlos. A ex-peoa tamb\u00e9m teve a dif\u00edcil miss\u00e3o de escolher dois nomes para disputarem o &#8220;cargo&#8221; de Fazendeiro da Semana. Assim como na semana passada, a decis\u00e3o ficar\u00e1 por conta do p\u00fablico da Rede Record, que pode votar pelo SMS ou atrav\u00e9s da Porteira de Voz at\u00e9 hoje \u00e0 tarde. Pedro e Dani Souza est\u00e3o no p\u00e1reo. O resultado ser\u00e1 conhecido hoje no fim da tarde.<\/p>\n","protected":false},"excerpt":{"rendered":"<p>Neste domingo de Ro\u00e7a, dia 02\/08, A Fazenda da Rede Record empatou em primeiro lugar de audi\u00eancia com o reality show da concorr\u00eancia durante o per\u00edodo de confronto das duas atra\u00e7\u00f5es, das 23h03 \u00e0s 23h59. A Fazenda da Rede Record registrou 16 pontos de m\u00e9dia e 30% de share. Durante seu per\u00edodo total de exibi\u00e7\u00e3o, [&hellip;]<\/p>\n","protected":false},"author":3,"featured_media":0,"comment_status":"open","ping_status":"open","sticky":false,"template":"","format":"standard","meta":{"tdm_status":"","tdm_grid_status":"","footnotes":""},"categories":[22,343],"tags":[],"class_list":{"0":"post-7358","1":"post","2":"type-post","3":"status-publish","4":"format-standard","6":"category-brasil","7":"category-televisao"},"_links":{"self":[{"href":"https:\/\/migracao.redenoticia.com.br\/noticia\/wp-json\/wp\/v2\/posts\/7358","targetHints":{"allow":["GET"]}}],"collection":[{"href":"https:\/\/migracao.redenoticia.com.br\/noticia\/wp-json\/wp\/v2\/posts"}],"about":[{"href":"https:\/\/migracao.redenoticia.com.br\/noticia\/wp-json\/wp\/v2\/types\/post"}],"author":[{"embeddable":true,"href":"https:\/\/migracao.redenoticia.com.br\/noticia\/wp-json\/wp\/v2\/users\/3"}],"replies":[{"embeddable":true,"href":"https:\/\/migracao.redenoticia.com.br\/noticia\/wp-json\/wp\/v2\/comments?post=7358"}],"version-history":[{"count":0,"href":"https:\/\/migracao.redenoticia.com.br\/noticia\/wp-json\/wp\/v2\/posts\/7358\/revisions"}],"wp:attachment":[{"href":"https:\/\/migracao.redenoticia.com.br\/noticia\/wp-json\/wp\/v2\/media?parent=7358"}],"wp:term":[{"taxonomy":"category","embeddable":true,"href":"https:\/\/migracao.redenoticia.com.br\/noticia\/wp-json\/wp\/v2\/categories?post=7358"},{"taxonomy":"post_tag","embeddable":true,"href":"https:\/\/migracao.redenoticia.com.br\/noticia\/wp-json\/wp\/v2\/tags?post=7358"}],"curies":[{"name":"wp","href":"https:\/\/api.w.org\/{rel}","templated":true}]}}