{"id":73613,"date":"2015-08-05T15:35:01","date_gmt":"2015-08-05T18:35:01","guid":{"rendered":"http:\/\/www.redenoticia.com.br\/noticia\/?p=73613"},"modified":"2015-08-05T15:37:12","modified_gmt":"2015-08-05T18:37:12","slug":"fuvest-divulga-manual-do-candidato-2016","status":"publish","type":"post","link":"https:\/\/migracao.redenoticia.com.br\/noticia\/2015\/fuvest-divulga-manual-do-candidato-2016\/73613","title":{"rendered":"Fuvest divulga Manual do Candidato 2016"},"content":{"rendered":"<p>A Fuvest (Funda\u00e7\u00e3o Universit\u00e1ria para o Vestibular) divulgou o  para o vestibular 2016. O processo seletivo seleciona candidatos para a USP (Universidade de S\u00e3o Paulo) e para a Faculdade de Ci\u00eancias M\u00e9dicas da Santa Casa de S\u00e3o Paulo.<\/p>\n<p>O material traz todas as informa\u00e7\u00f5es sobre o vestibular, como instru\u00e7\u00f5es para inscri\u00e7\u00e3o, calend\u00e1rio das provas da primeira e segunda fase, descri\u00e7\u00e3o de todos os cursos, orienta\u00e7\u00f5es para a prova e conte\u00fado. O prazo de inscri\u00e7\u00f5es come\u00e7a no dia 21 de agosto.<\/p>\n<p>No total, a Fuvest oferece 11.177 vagas, sendo 11.057 para a USP e 120 vagas na Faculdade de Ci\u00eancias M\u00e9dicas da Santa Casa de S\u00e3o Paulo. At\u00e9 o dia 10 de agosto, estudantes interessados em prestar o vestibular da Fuvest 2016 podem fazer seu pedido de isen\u00e7\u00e3o da taxa de inscri\u00e7\u00e3o.<\/p>\n<p>Do Portal do Governo do Estado<\/p>\n<p>&#8212;<br \/>\nCalend\u00e1rio Fuvest<br \/>\nInscri\u00e7\u00f5es: de 21 de agosto a 9 de setembro<br \/>\n1\u00aa fase: 29 de novembro<br \/>\n2\u00aa fase: 10 a 12 de janeiro<\/p>\n","protected":false},"excerpt":{"rendered":"<p>A Fuvest (Funda\u00e7\u00e3o Universit\u00e1ria para o Vestibular) divulgou o para o vestibular 2016. O processo seletivo seleciona candidatos para a USP (Universidade de S\u00e3o Paulo) e para a Faculdade de Ci\u00eancias M\u00e9dicas da Santa Casa de S\u00e3o Paulo. O material traz todas as informa\u00e7\u00f5es sobre o vestibular, como instru\u00e7\u00f5es para inscri\u00e7\u00e3o, calend\u00e1rio das provas da [&hellip;]<\/p>\n","protected":false},"author":2,"featured_media":36244,"comment_status":"open","ping_status":"closed","sticky":false,"template":"","format":"standard","meta":{"tdm_status":"","tdm_grid_status":"","footnotes":""},"categories":[22,370,295],"tags":[],"class_list":{"0":"post-73613","1":"post","2":"type-post","3":"status-publish","4":"format-standard","5":"has-post-thumbnail","7":"category-brasil","8":"category-inscricao","9":"category-vestibular"},"_links":{"self":[{"href":"https:\/\/migracao.redenoticia.com.br\/noticia\/wp-json\/wp\/v2\/posts\/73613","targetHints":{"allow":["GET"]}}],"collection":[{"href":"https:\/\/migracao.redenoticia.com.br\/noticia\/wp-json\/wp\/v2\/posts"}],"about":[{"href":"https:\/\/migracao.redenoticia.com.br\/noticia\/wp-json\/wp\/v2\/types\/post"}],"author":[{"embeddable":true,"href":"https:\/\/migracao.redenoticia.com.br\/noticia\/wp-json\/wp\/v2\/users\/2"}],"replies":[{"embeddable":true,"href":"https:\/\/migracao.redenoticia.com.br\/noticia\/wp-json\/wp\/v2\/comments?post=73613"}],"version-history":[{"count":0,"href":"https:\/\/migracao.redenoticia.com.br\/noticia\/wp-json\/wp\/v2\/posts\/73613\/revisions"}],"wp:featuredmedia":[{"embeddable":true,"href":"https:\/\/migracao.redenoticia.com.br\/noticia\/wp-json\/wp\/v2\/media\/36244"}],"wp:attachment":[{"href":"https:\/\/migracao.redenoticia.com.br\/noticia\/wp-json\/wp\/v2\/media?parent=73613"}],"wp:term":[{"taxonomy":"category","embeddable":true,"href":"https:\/\/migracao.redenoticia.com.br\/noticia\/wp-json\/wp\/v2\/categories?post=73613"},{"taxonomy":"post_tag","embeddable":true,"href":"https:\/\/migracao.redenoticia.com.br\/noticia\/wp-json\/wp\/v2\/tags?post=73613"}],"curies":[{"name":"wp","href":"https:\/\/api.w.org\/{rel}","templated":true}]}}