{"id":737,"date":"2009-04-21T17:46:36","date_gmt":"2009-04-21T21:46:36","guid":{"rendered":"http:\/\/www.redenoticia.com.br\/noticia\/2009\/04\/ziemer-conta-com-jos-luiz-duizith-na-retomada-da-ulbra\/"},"modified":"2009-04-21T17:46:36","modified_gmt":"2009-04-21T21:46:36","slug":"ziemer-conta-com-jos-luiz-duizith-na-retomada-da-ulbra","status":"publish","type":"post","link":"https:\/\/migracao.redenoticia.com.br\/noticia\/2009\/ziemer-conta-com-jos-luiz-duizith-na-retomada-da-ulbra\/737","title":{"rendered":"Ziemer conta com Jos&eacute; Luiz Duizith na retomada da ULBRA"},"content":{"rendered":"<p>Esta promete ser uma semana de defini\u00e7\u00f5es para a retomada das atividades na Universidade Luterana do Brasil (Ulbra). Nesta quinta-feira, o juiz da 1\u00aa Vara da Justi\u00e7a Federal de Canoas Guilherme Pinho Machado far\u00e1 audi\u00eancia com o Minist\u00e9rio P\u00fablico Federal e A Fazenda Nacional para discutir o desbloqueio das contas da institui\u00e7\u00e3o. Essa foi uma das decis\u00f5es que surgiram da reuni\u00e3o entre o juiz federal Guilherme Pinho Machado e o novo reitor da Ulbra, Marcos Fernando Ziemer, ocorrida ontem na Justi\u00e7a Federal.    <br \/>Durante uma hora e dez minutos o reitor Ziemer exp\u00f4s detalhes da situa\u00e7\u00e3o da universidade e o que deseja a nova administra\u00e7\u00e3o. Entre as a\u00e7\u00f5es definidas est\u00e1 a audi\u00eancia de concilia\u00e7\u00e3o, marcada para as 15 horas, com participa\u00e7\u00e3o de membros da Comunidade Luterana S\u00e3o Paulo (Celsp) e Ulbra, Fazenda Nacional e Minist\u00e9rio P\u00fablico Federal (MPF). No encontro, ser\u00e1 decidido sobre o desbloqueio de valores e processos envolvendo a institui\u00e7\u00e3o. &quot;A partir dessa audi\u00eancia teremos informa\u00e7\u00f5es sobre o pagamento de sal\u00e1rios&quot;, prev\u00ea o reitor. Professores e funcion\u00e1rios est\u00e3o com vencimentos atrasados e os estudantes sem aula.     <br \/>Ontem tamb\u00e9m ficou acertado o livre acesso de Ziemer e sua equipe \u00e0 reitoria, que foi interditada pela Pol\u00edcia Federal na sexta-feira, 17, por determina\u00e7\u00e3o da Justi\u00e7a Federal. &quot;Ficou acordado o acesso liberado a mim e nomes que ser\u00e3o por mim designados. Terei acesso a contratos e processos para saber a situa\u00e7\u00e3o&quot;, diz Ziemer. Amanh\u00e3, um grupo de auditores da Justi\u00e7a Federal vai analisar toda documenta\u00e7\u00e3o que est\u00e1 armazenada na reitoria e que possa interessar aos processos.     <br \/><b>Lacre<\/b>    <br \/>A qualquer momento o Museu de Tecnologia da Ulbra ser\u00e1 lacrado e proibida a entrada de pessoas no espa\u00e7o que guarda acervo de autom\u00f3veis antigos e objetos da hist\u00f3ria da comunica\u00e7\u00e3o. Outra decis\u00e3o \u00e9 o \u00ednicio de uma nova rela\u00e7\u00e3o entre a Celsp\/Ulbra, a Fazenda Nacional e a Justi\u00e7a Federal. A entidade ter\u00e1, ainda, que repassar quando necess\u00e1rio documentos e informa\u00e7\u00f5es \u00e0 Justi\u00e7a e ao MPF. &quot;A reuni\u00e3o de hoje (ontem) foi bastante produtiva. Um passo para o restabelecimento da universidade&quot;, avaliou Ziemer.     <br \/>Estiveram presentes tamb\u00e9m no encontro o diretor da Ulbra de Tocantins <b>Jos\u00e9 Duizith<\/b>; coordenador do curso de Jornalismo, ex diretor em Ji-Paran\u00e1 \u2013 RO e membro da Celsp, Douglas Flor, e o professor e procurador da Celsp Jonas Dietrich.    <br \/><b><\/b><\/p>\n<p><b><a href=\"http:\/\/www.diariodecanoas.com.br\/site\/noticias\/geral,canal-8,ed-60,ct-505,cd-189704,manchete-true.htm\">Leia mais<\/a><\/b><\/p>\n<p><em>Viviane Schimitt\/<\/em><\/p>\n<p><em>Di\u00e1rio de Canoas<\/em><\/p>\n","protected":false},"excerpt":{"rendered":"<p>Esta promete ser uma semana de defini\u00e7\u00f5es para a retomada das atividades na Universidade Luterana do Brasil (Ulbra). Nesta quinta-feira, o juiz da 1\u00aa Vara da Justi\u00e7a Federal de Canoas Guilherme Pinho Machado far\u00e1 audi\u00eancia com o Minist\u00e9rio P\u00fablico Federal e A Fazenda Nacional para discutir o desbloqueio das contas da institui\u00e7\u00e3o. Essa foi uma [&hellip;]<\/p>\n","protected":false},"author":2,"featured_media":0,"comment_status":"open","ping_status":"open","sticky":false,"template":"","format":"standard","meta":{"tdm_status":"","tdm_grid_status":"","footnotes":""},"categories":[22],"tags":[],"class_list":{"0":"post-737","1":"post","2":"type-post","3":"status-publish","4":"format-standard","6":"category-brasil"},"_links":{"self":[{"href":"https:\/\/migracao.redenoticia.com.br\/noticia\/wp-json\/wp\/v2\/posts\/737","targetHints":{"allow":["GET"]}}],"collection":[{"href":"https:\/\/migracao.redenoticia.com.br\/noticia\/wp-json\/wp\/v2\/posts"}],"about":[{"href":"https:\/\/migracao.redenoticia.com.br\/noticia\/wp-json\/wp\/v2\/types\/post"}],"author":[{"embeddable":true,"href":"https:\/\/migracao.redenoticia.com.br\/noticia\/wp-json\/wp\/v2\/users\/2"}],"replies":[{"embeddable":true,"href":"https:\/\/migracao.redenoticia.com.br\/noticia\/wp-json\/wp\/v2\/comments?post=737"}],"version-history":[{"count":0,"href":"https:\/\/migracao.redenoticia.com.br\/noticia\/wp-json\/wp\/v2\/posts\/737\/revisions"}],"wp:attachment":[{"href":"https:\/\/migracao.redenoticia.com.br\/noticia\/wp-json\/wp\/v2\/media?parent=737"}],"wp:term":[{"taxonomy":"category","embeddable":true,"href":"https:\/\/migracao.redenoticia.com.br\/noticia\/wp-json\/wp\/v2\/categories?post=737"},{"taxonomy":"post_tag","embeddable":true,"href":"https:\/\/migracao.redenoticia.com.br\/noticia\/wp-json\/wp\/v2\/tags?post=737"}],"curies":[{"name":"wp","href":"https:\/\/api.w.org\/{rel}","templated":true}]}}