{"id":73707,"date":"2015-08-07T11:37:57","date_gmt":"2015-08-07T14:37:57","guid":{"rendered":"http:\/\/www.redenoticia.com.br\/noticia\/?p=73707"},"modified":"2015-08-07T11:37:57","modified_gmt":"2015-08-07T14:37:57","slug":"saques-da-poupanca-em-julho-superam-depositos-em-r-2453-bilhoes","status":"publish","type":"post","link":"https:\/\/migracao.redenoticia.com.br\/noticia\/2015\/saques-da-poupanca-em-julho-superam-depositos-em-r-2453-bilhoes\/73707","title":{"rendered":"Saques da poupan\u00e7a em julho superam dep\u00f3sitos em R$ 2,453 bilh\u00f5es"},"content":{"rendered":"<p> O Banco Central (BC) informou que, em julho, os brasileiros retiraram da <strong><em>poupan\u00e7a<\/em><\/strong> R$ 2,453 bilh\u00f5es a mais do que depositaram. Foi o pior resultado para o m\u00eas desde o in\u00edcio da s\u00e9rie hist\u00f3rica do BC, em 1995, e o s\u00e9timo resultado negativo consecutivo da poupan\u00e7a este ano. No acumulado do ano, a capta\u00e7\u00e3o da aplica\u00e7\u00e3o est\u00e1 negativa em R$ 40,9 bilh\u00f5es.<\/p>\n<p>Em julho, os saques na poupan\u00e7a somaram R$ 169,9 bilh\u00f5es, superando os dep\u00f3sitos, que alcan\u00e7aram R$ 167,4 bilh\u00f5es. O valor total nas contas dos poupadores chegou a R$ 648,24 bilh\u00f5es. O volume dos rendimentos creditados nas cadernetas dos investidores registrou R$ 4,138 bilh\u00f5es.<\/p>\n<p> V\u00e1rios fatores t\u00eam contribu\u00eddo para a fuga de recursos da poupan\u00e7a em 2015. Em primeiro lugar, a alta da Selic (taxa b\u00e1sica de juros da economia) \u2013 atualmente em 14,25% ao ano &#8211; tornou a poupan\u00e7a menos atraente que outras aplica\u00e7\u00f5es.<\/p>\n<p>Segundo a Associa\u00e7\u00e3o Nacional dos Executivos de Finan\u00e7as, Administra\u00e7\u00e3o e Contabilidade (Anefac), a caderneta \u00e9 mais vantajosa do que os fundos de investimento apenas quando as aplica\u00e7\u00f5es s\u00e3o inferiores a seis meses, apesar de a poupan\u00e7a ser isenta de Imposto de Renda e de taxas de administra\u00e7\u00e3o.<\/p>\n<p>A alta da infla\u00e7\u00e3o tamb\u00e9m contribuiu para a perda de atratividade da poupan\u00e7a. Nos \u00faltimos 12 meses, a caderneta rendeu 7,53%, equivalente \u00e0 Taxa Referencial mais 6,17% ao ano. A infla\u00e7\u00e3o pelo \u00cdndice Nacional de Pre\u00e7os ao Consumidor Amplo, no entanto, est\u00e1 em 8,89%, puxada pela alta de pre\u00e7os administrados, como combust\u00edveis e energia.<\/p>\n<p>O aumento dos pre\u00e7os e do endividamento dos consumidores tamb\u00e9m diminui a sobra de recursos a ser aplicada na caderneta.<\/p>\n<p>Mariana Branco &#8211; Rep\u00f3rter da Ag\u00eancia Brasil*<br \/>\n*Colaborou Wellton M\u00e1ximo<\/p>\n<p>Edi\u00e7\u00e3o: Armando Cardoso<\/p>\n","protected":false},"excerpt":{"rendered":"<p>O Banco Central (BC) informou que, em julho, os brasileiros retiraram da poupan\u00e7a R$ 2,453 bilh\u00f5es a mais do que depositaram. Foi o pior resultado para o m\u00eas desde o in\u00edcio da s\u00e9rie hist\u00f3rica do BC, em 1995, e o s\u00e9timo resultado negativo consecutivo da poupan\u00e7a este ano. No acumulado do ano, a capta\u00e7\u00e3o da [&hellip;]<\/p>\n","protected":false},"author":2,"featured_media":57585,"comment_status":"open","ping_status":"closed","sticky":false,"template":"","format":"standard","meta":{"tdm_status":"","tdm_grid_status":"","footnotes":""},"categories":[22,7],"tags":[],"class_list":{"0":"post-73707","1":"post","2":"type-post","3":"status-publish","4":"format-standard","5":"has-post-thumbnail","7":"category-brasil","8":"category-economia"},"_links":{"self":[{"href":"https:\/\/migracao.redenoticia.com.br\/noticia\/wp-json\/wp\/v2\/posts\/73707","targetHints":{"allow":["GET"]}}],"collection":[{"href":"https:\/\/migracao.redenoticia.com.br\/noticia\/wp-json\/wp\/v2\/posts"}],"about":[{"href":"https:\/\/migracao.redenoticia.com.br\/noticia\/wp-json\/wp\/v2\/types\/post"}],"author":[{"embeddable":true,"href":"https:\/\/migracao.redenoticia.com.br\/noticia\/wp-json\/wp\/v2\/users\/2"}],"replies":[{"embeddable":true,"href":"https:\/\/migracao.redenoticia.com.br\/noticia\/wp-json\/wp\/v2\/comments?post=73707"}],"version-history":[{"count":0,"href":"https:\/\/migracao.redenoticia.com.br\/noticia\/wp-json\/wp\/v2\/posts\/73707\/revisions"}],"wp:featuredmedia":[{"embeddable":true,"href":"https:\/\/migracao.redenoticia.com.br\/noticia\/wp-json\/wp\/v2\/media\/57585"}],"wp:attachment":[{"href":"https:\/\/migracao.redenoticia.com.br\/noticia\/wp-json\/wp\/v2\/media?parent=73707"}],"wp:term":[{"taxonomy":"category","embeddable":true,"href":"https:\/\/migracao.redenoticia.com.br\/noticia\/wp-json\/wp\/v2\/categories?post=73707"},{"taxonomy":"post_tag","embeddable":true,"href":"https:\/\/migracao.redenoticia.com.br\/noticia\/wp-json\/wp\/v2\/tags?post=73707"}],"curies":[{"name":"wp","href":"https:\/\/api.w.org\/{rel}","templated":true}]}}